{"id":647,"date":"2017-08-04T14:18:08","date_gmt":"2017-08-04T17:18:08","guid":{"rendered":"http:\/\/www.follow-up.com.br\/pt\/?p=647"},"modified":"2017-11-06T21:16:33","modified_gmt":"2017-11-06T23:16:33","slug":"i-congresso-mundial-de-bilinguismo-e-linguas-de-heranca","status":"publish","type":"post","link":"https:\/\/www.follow-up.com.br\/pt\/i-congresso-mundial-de-bilinguismo-e-linguas-de-heranca\/","title":{"rendered":"I CONGRESSO MUNDIAL DE BILINGUISMO E L\u00cdNGUAS DE HERAN\u00c7A"},"content":{"rendered":"<section  class='av_textblock_section av-av_textblock-0366cc7376be6c9e82a3e9cc8987b64f '   itemscope=\"itemscope\" itemtype=\"https:\/\/schema.org\/BlogPosting\" itemprop=\"blogPost\" ><div class='avia_textblock'  itemprop=\"text\" ><p>CONGRESSO MUNDIAL DE BILINGUISMO E L\u00cdNGUAS DE HERAN\u00c7A<\/p>\n<\/div><\/section>\n<section  class='av_textblock_section av-av_textblock-0366cc7376be6c9e82a3e9cc8987b64f '   itemscope=\"itemscope\" itemtype=\"https:\/\/schema.org\/BlogPosting\" itemprop=\"blogPost\" ><div class='avia_textblock'  itemprop=\"text\" ><div id=\"post-232\" class=\"clearfix post-232 post type-post status-publish format-standard hentry category-sem-categoria\">\n<h2><\/h2>\n<h2><img loading=\"lazy\" decoding=\"async\" class=\"alignnone size-medium wp-image-648\" src=\"http:\/\/www.follow-up.com.br\/pt\/wp-content\/uploads\/2017\/08\/congresso-300x247.jpg\" alt=\"\" width=\"300\" height=\"247\" srcset=\"https:\/\/www.follow-up.com.br\/pt\/wp-content\/uploads\/2017\/08\/congresso-300x247.jpg 300w, https:\/\/www.follow-up.com.br\/pt\/wp-content\/uploads\/2017\/08\/congresso.jpg 337w\" sizes=\"auto, (max-width: 300px) 100vw, 300px\" \/><\/h2>\n<p class=\"entry-meta\"><a title=\"Link Permanente para PROGRAMA\u00c7\u00c3O\" href=\"https:\/\/cmbelh2017.wordpress.com\/2017\/08\/03\/programacao\/\" rel=\"bookmark\">3 DE AGOSTO DE 2017 02:47<\/a><\/p>\n<div class=\"entry-summary\">\n<p>Programa\u00e7\u00e3o completa: plen\u00e1rias, coordenadas, oficinas, comunica\u00e7\u00f5es \u00a0e p\u00f4steres.<\/p>\n<p>Para descarregar, clique no link abaixo:<\/p>\n<p><strong><a href=\"https:\/\/drive.google.com\/file\/d\/0B8LdLn3cVjxAZUlZdExnZW1pVmV6N3M5T1BMY2lEaTdmdWM0\/view?usp=sharing\">PROGRAMA\u00c7\u00c3O COMPLETA<\/a><\/strong><\/p>\n<\/div>\n<\/div>\n<div id=\"post-171\" class=\"clearfix post-171 post type-post status-publish format-standard hentry category-sem-categoria\">\n<div class=\"entry-summary\">\n<p>Fonte:\u00a0https:\/\/cmbelh2017.wordpress.com\/2017\/08\/03\/programacao\/<\/p>\n<\/div>\n<\/div>\n<\/div><\/section>\n","protected":false},"excerpt":{"rendered":"","protected":false},"author":1,"featured_media":648,"comment_status":"closed","ping_status":"closed","sticky":false,"template":"","format":"standard","meta":{"_joinchat":[],"footnotes":""},"categories":[14],"tags":[48],"class_list":["post-647","post","type-post","status-publish","format-standard","has-post-thumbnail","hentry","category-novidades","tag-congresso-mundial-de-bilinguismo-e-linguas-de-heranca"],"yoast_head":"<!-- This site is optimized with the Yoast SEO plugin v26.9 - https:\/\/yoast.com\/product\/yoast-seo-wordpress\/ -->\n<title>I CONGRESSO MUNDIAL DE BILINGUISMO E L\u00cdNGUAS DE HERAN\u00c7A - Follow-Up Tradu\u00e7\u00f5es T\u00e9cnicas, Tradu\u00e7\u00e3o Juramentada<\/title>\n<meta name=\"robots\" content=\"index, follow, max-snippet:-1, max-image-preview:large, max-video-preview:-1\" \/>\n<link rel=\"canonical\" href=\"https:\/\/www.follow-up.com.br\/pt\/i-congresso-mundial-de-bilinguismo-e-linguas-de-heranca\/\" \/>\n<meta property=\"og:locale\" content=\"pt_BR\" \/>\n<meta property=\"og:type\" content=\"article\" \/>\n<meta property=\"og:title\" content=\"I CONGRESSO MUNDIAL DE BILINGUISMO E L\u00cdNGUAS DE HERAN\u00c7A - Follow-Up Tradu\u00e7\u00f5es T\u00e9cnicas, Tradu\u00e7\u00e3o Juramentada\" \/>\n<meta property=\"og:url\" content=\"https:\/\/www.follow-up.com.br\/pt\/i-congresso-mundial-de-bilinguismo-e-linguas-de-heranca\/\" \/>\n<meta property=\"og:site_name\" content=\"Follow-Up Tradu\u00e7\u00f5es T\u00e9cnicas, Tradu\u00e7\u00e3o Juramentada\" \/>\n<meta property=\"article:published_time\" content=\"2017-08-04T17:18:08+00:00\" \/>\n<meta property=\"article:modified_time\" content=\"2017-11-06T23:16:33+00:00\" \/>\n<meta property=\"og:image\" content=\"https:\/\/www.follow-up.com.br\/pt\/wp-content\/uploads\/2017\/08\/congresso.jpg\" \/>\n\t<meta property=\"og:image:width\" content=\"337\" \/>\n\t<meta property=\"og:image:height\" content=\"277\" \/>\n\t<meta property=\"og:image:type\" content=\"image\/jpeg\" \/>\n<meta name=\"author\" content=\"Follow-up\" \/>\n<meta name=\"twitter:card\" content=\"summary_large_image\" \/>\n<meta name=\"twitter:label1\" content=\"Escrito por\" \/>\n\t<meta name=\"twitter:data1\" content=\"Follow-up\" \/>\n<script type=\"application\/ld+json\" class=\"yoast-schema-graph\">{\"@context\":\"https:\/\/schema.org\",\"@graph\":[{\"@type\":\"Article\",\"@id\":\"https:\/\/www.follow-up.com.br\/pt\/i-congresso-mundial-de-bilinguismo-e-linguas-de-heranca\/#article\",\"isPartOf\":{\"@id\":\"https:\/\/www.follow-up.com.br\/pt\/i-congresso-mundial-de-bilinguismo-e-linguas-de-heranca\/\"},\"author\":{\"name\":\"Follow-up\",\"@id\":\"https:\/\/www.follow-up.com.br\/pt\/#\/schema\/person\/4a165c318416585f5a80391a0332f4a9\"},\"headline\":\"I CONGRESSO MUNDIAL DE BILINGUISMO E L\u00cdNGUAS DE HERAN\u00c7A\",\"datePublished\":\"2017-08-04T17:18:08+00:00\",\"dateModified\":\"2017-11-06T23:16:33+00:00\",\"mainEntityOfPage\":{\"@id\":\"https:\/\/www.follow-up.com.br\/pt\/i-congresso-mundial-de-bilinguismo-e-linguas-de-heranca\/\"},\"wordCount\":67,\"image\":{\"@id\":\"https:\/\/www.follow-up.com.br\/pt\/i-congresso-mundial-de-bilinguismo-e-linguas-de-heranca\/#primaryimage\"},\"thumbnailUrl\":\"https:\/\/www.follow-up.com.br\/pt\/wp-content\/uploads\/2017\/08\/congresso.jpg\",\"keywords\":[\"CONGRESSO MUNDIAL DE BILINGUISMO E L\u00cdNGUAS DE HERAN\u00c7A\"],\"articleSection\":[\"Novidades\"],\"inLanguage\":\"pt-BR\"},{\"@type\":\"WebPage\",\"@id\":\"https:\/\/www.follow-up.com.br\/pt\/i-congresso-mundial-de-bilinguismo-e-linguas-de-heranca\/\",\"url\":\"https:\/\/www.follow-up.com.br\/pt\/i-congresso-mundial-de-bilinguismo-e-linguas-de-heranca\/\",\"name\":\"I CONGRESSO MUNDIAL DE BILINGUISMO E L\u00cdNGUAS DE HERAN\u00c7A - Follow-Up Tradu\u00e7\u00f5es T\u00e9cnicas, Tradu\u00e7\u00e3o Juramentada\",\"isPartOf\":{\"@id\":\"https:\/\/www.follow-up.com.br\/pt\/#website\"},\"primaryImageOfPage\":{\"@id\":\"https:\/\/www.follow-up.com.br\/pt\/i-congresso-mundial-de-bilinguismo-e-linguas-de-heranca\/#primaryimage\"},\"image\":{\"@id\":\"https:\/\/www.follow-up.com.br\/pt\/i-congresso-mundial-de-bilinguismo-e-linguas-de-heranca\/#primaryimage\"},\"thumbnailUrl\":\"https:\/\/www.follow-up.com.br\/pt\/wp-content\/uploads\/2017\/08\/congresso.jpg\",\"datePublished\":\"2017-08-04T17:18:08+00:00\",\"dateModified\":\"2017-11-06T23:16:33+00:00\",\"author\":{\"@id\":\"https:\/\/www.follow-up.com.br\/pt\/#\/schema\/person\/4a165c318416585f5a80391a0332f4a9\"},\"breadcrumb\":{\"@id\":\"https:\/\/www.follow-up.com.br\/pt\/i-congresso-mundial-de-bilinguismo-e-linguas-de-heranca\/#breadcrumb\"},\"inLanguage\":\"pt-BR\",\"potentialAction\":[{\"@type\":\"ReadAction\",\"target\":[\"https:\/\/www.follow-up.com.br\/pt\/i-congresso-mundial-de-bilinguismo-e-linguas-de-heranca\/\"]}]},{\"@type\":\"ImageObject\",\"inLanguage\":\"pt-BR\",\"@id\":\"https:\/\/www.follow-up.com.br\/pt\/i-congresso-mundial-de-bilinguismo-e-linguas-de-heranca\/#primaryimage\",\"url\":\"https:\/\/www.follow-up.com.br\/pt\/wp-content\/uploads\/2017\/08\/congresso.jpg\",\"contentUrl\":\"https:\/\/www.follow-up.com.br\/pt\/wp-content\/uploads\/2017\/08\/congresso.jpg\",\"width\":337,\"height\":277},{\"@type\":\"BreadcrumbList\",\"@id\":\"https:\/\/www.follow-up.com.br\/pt\/i-congresso-mundial-de-bilinguismo-e-linguas-de-heranca\/#breadcrumb\",\"itemListElement\":[{\"@type\":\"ListItem\",\"position\":1,\"name\":\"In\u00edcio\",\"item\":\"https:\/\/www.follow-up.com.br\/pt\/\"},{\"@type\":\"ListItem\",\"position\":2,\"name\":\"I CONGRESSO MUNDIAL DE BILINGUISMO E L\u00cdNGUAS DE HERAN\u00c7A\"}]},{\"@type\":\"WebSite\",\"@id\":\"https:\/\/www.follow-up.com.br\/pt\/#website\",\"url\":\"https:\/\/www.follow-up.com.br\/pt\/\",\"name\":\"Follow-Up Tradu\u00e7\u00f5es T\u00e9cnicas, Tradu\u00e7\u00e3o Juramentada\",\"description\":\"Tradu\u00e7\u00f5es T\u00e9cnicas em \u00c1reas Especializadas,Tradu\u00e7\u00e3o juramentada Localiza\u00e7\u00e3o de Software e Websites\",\"potentialAction\":[{\"@type\":\"SearchAction\",\"target\":{\"@type\":\"EntryPoint\",\"urlTemplate\":\"https:\/\/www.follow-up.com.br\/pt\/?s={search_term_string}\"},\"query-input\":{\"@type\":\"PropertyValueSpecification\",\"valueRequired\":true,\"valueName\":\"search_term_string\"}}],\"inLanguage\":\"pt-BR\"},{\"@type\":\"Person\",\"@id\":\"https:\/\/www.follow-up.com.br\/pt\/#\/schema\/person\/4a165c318416585f5a80391a0332f4a9\",\"name\":\"Follow-up\",\"url\":\"https:\/\/www.follow-up.com.br\/pt\/author\/lilian\/\"}]}<\/script>\n<!-- \/ Yoast SEO plugin. -->","yoast_head_json":{"title":"I CONGRESSO MUNDIAL DE BILINGUISMO E L\u00cdNGUAS DE HERAN\u00c7A - Follow-Up Tradu\u00e7\u00f5es T\u00e9cnicas, Tradu\u00e7\u00e3o Juramentada","robots":{"index":"index","follow":"follow","max-snippet":"max-snippet:-1","max-image-preview":"max-image-preview:large","max-video-preview":"max-video-preview:-1"},"canonical":"https:\/\/www.follow-up.com.br\/pt\/i-congresso-mundial-de-bilinguismo-e-linguas-de-heranca\/","og_locale":"pt_BR","og_type":"article","og_title":"I CONGRESSO MUNDIAL DE BILINGUISMO E L\u00cdNGUAS DE HERAN\u00c7A - Follow-Up Tradu\u00e7\u00f5es T\u00e9cnicas, Tradu\u00e7\u00e3o Juramentada","og_url":"https:\/\/www.follow-up.com.br\/pt\/i-congresso-mundial-de-bilinguismo-e-linguas-de-heranca\/","og_site_name":"Follow-Up Tradu\u00e7\u00f5es T\u00e9cnicas, Tradu\u00e7\u00e3o Juramentada","article_published_time":"2017-08-04T17:18:08+00:00","article_modified_time":"2017-11-06T23:16:33+00:00","og_image":[{"width":337,"height":277,"url":"https:\/\/www.follow-up.com.br\/pt\/wp-content\/uploads\/2017\/08\/congresso.jpg","type":"image\/jpeg"}],"author":"Follow-up","twitter_card":"summary_large_image","twitter_misc":{"Escrito por":"Follow-up"},"schema":{"@context":"https:\/\/schema.org","@graph":[{"@type":"Article","@id":"https:\/\/www.follow-up.com.br\/pt\/i-congresso-mundial-de-bilinguismo-e-linguas-de-heranca\/#article","isPartOf":{"@id":"https:\/\/www.follow-up.com.br\/pt\/i-congresso-mundial-de-bilinguismo-e-linguas-de-heranca\/"},"author":{"name":"Follow-up","@id":"https:\/\/www.follow-up.com.br\/pt\/#\/schema\/person\/4a165c318416585f5a80391a0332f4a9"},"headline":"I CONGRESSO MUNDIAL DE BILINGUISMO E L\u00cdNGUAS DE HERAN\u00c7A","datePublished":"2017-08-04T17:18:08+00:00","dateModified":"2017-11-06T23:16:33+00:00","mainEntityOfPage":{"@id":"https:\/\/www.follow-up.com.br\/pt\/i-congresso-mundial-de-bilinguismo-e-linguas-de-heranca\/"},"wordCount":67,"image":{"@id":"https:\/\/www.follow-up.com.br\/pt\/i-congresso-mundial-de-bilinguismo-e-linguas-de-heranca\/#primaryimage"},"thumbnailUrl":"https:\/\/www.follow-up.com.br\/pt\/wp-content\/uploads\/2017\/08\/congresso.jpg","keywords":["CONGRESSO MUNDIAL DE BILINGUISMO E L\u00cdNGUAS DE HERAN\u00c7A"],"articleSection":["Novidades"],"inLanguage":"pt-BR"},{"@type":"WebPage","@id":"https:\/\/www.follow-up.com.br\/pt\/i-congresso-mundial-de-bilinguismo-e-linguas-de-heranca\/","url":"https:\/\/www.follow-up.com.br\/pt\/i-congresso-mundial-de-bilinguismo-e-linguas-de-heranca\/","name":"I CONGRESSO MUNDIAL DE BILINGUISMO E L\u00cdNGUAS DE HERAN\u00c7A - Follow-Up Tradu\u00e7\u00f5es T\u00e9cnicas, Tradu\u00e7\u00e3o Juramentada","isPartOf":{"@id":"https:\/\/www.follow-up.com.br\/pt\/#website"},"primaryImageOfPage":{"@id":"https:\/\/www.follow-up.com.br\/pt\/i-congresso-mundial-de-bilinguismo-e-linguas-de-heranca\/#primaryimage"},"image":{"@id":"https:\/\/www.follow-up.com.br\/pt\/i-congresso-mundial-de-bilinguismo-e-linguas-de-heranca\/#primaryimage"},"thumbnailUrl":"https:\/\/www.follow-up.com.br\/pt\/wp-content\/uploads\/2017\/08\/congresso.jpg","datePublished":"2017-08-04T17:18:08+00:00","dateModified":"2017-11-06T23:16:33+00:00","author":{"@id":"https:\/\/www.follow-up.com.br\/pt\/#\/schema\/person\/4a165c318416585f5a80391a0332f4a9"},"breadcrumb":{"@id":"https:\/\/www.follow-up.com.br\/pt\/i-congresso-mundial-de-bilinguismo-e-linguas-de-heranca\/#breadcrumb"},"inLanguage":"pt-BR","potentialAction":[{"@type":"ReadAction","target":["https:\/\/www.follow-up.com.br\/pt\/i-congresso-mundial-de-bilinguismo-e-linguas-de-heranca\/"]}]},{"@type":"ImageObject","inLanguage":"pt-BR","@id":"https:\/\/www.follow-up.com.br\/pt\/i-congresso-mundial-de-bilinguismo-e-linguas-de-heranca\/#primaryimage","url":"https:\/\/www.follow-up.com.br\/pt\/wp-content\/uploads\/2017\/08\/congresso.jpg","contentUrl":"https:\/\/www.follow-up.com.br\/pt\/wp-content\/uploads\/2017\/08\/congresso.jpg","width":337,"height":277},{"@type":"BreadcrumbList","@id":"https:\/\/www.follow-up.com.br\/pt\/i-congresso-mundial-de-bilinguismo-e-linguas-de-heranca\/#breadcrumb","itemListElement":[{"@type":"ListItem","position":1,"name":"In\u00edcio","item":"https:\/\/www.follow-up.com.br\/pt\/"},{"@type":"ListItem","position":2,"name":"I CONGRESSO MUNDIAL DE BILINGUISMO E L\u00cdNGUAS DE HERAN\u00c7A"}]},{"@type":"WebSite","@id":"https:\/\/www.follow-up.com.br\/pt\/#website","url":"https:\/\/www.follow-up.com.br\/pt\/","name":"Follow-Up Tradu\u00e7\u00f5es T\u00e9cnicas, Tradu\u00e7\u00e3o Juramentada","description":"Tradu\u00e7\u00f5es T\u00e9cnicas em \u00c1reas Especializadas,Tradu\u00e7\u00e3o juramentada Localiza\u00e7\u00e3o de Software e Websites","potentialAction":[{"@type":"SearchAction","target":{"@type":"EntryPoint","urlTemplate":"https:\/\/www.follow-up.com.br\/pt\/?s={search_term_string}"},"query-input":{"@type":"PropertyValueSpecification","valueRequired":true,"valueName":"search_term_string"}}],"inLanguage":"pt-BR"},{"@type":"Person","@id":"https:\/\/www.follow-up.com.br\/pt\/#\/schema\/person\/4a165c318416585f5a80391a0332f4a9","name":"Follow-up","url":"https:\/\/www.follow-up.com.br\/pt\/author\/lilian\/"}]}},"_links":{"self":[{"href":"https:\/\/www.follow-up.com.br\/pt\/wp-json\/wp\/v2\/posts\/647","targetHints":{"allow":["GET"]}}],"collection":[{"href":"https:\/\/www.follow-up.com.br\/pt\/wp-json\/wp\/v2\/posts"}],"about":[{"href":"https:\/\/www.follow-up.com.br\/pt\/wp-json\/wp\/v2\/types\/post"}],"author":[{"embeddable":true,"href":"https:\/\/www.follow-up.com.br\/pt\/wp-json\/wp\/v2\/users\/1"}],"replies":[{"embeddable":true,"href":"https:\/\/www.follow-up.com.br\/pt\/wp-json\/wp\/v2\/comments?post=647"}],"version-history":[{"count":2,"href":"https:\/\/www.follow-up.com.br\/pt\/wp-json\/wp\/v2\/posts\/647\/revisions"}],"predecessor-version":[{"id":650,"href":"https:\/\/www.follow-up.com.br\/pt\/wp-json\/wp\/v2\/posts\/647\/revisions\/650"}],"wp:featuredmedia":[{"embeddable":true,"href":"https:\/\/www.follow-up.com.br\/pt\/wp-json\/wp\/v2\/media\/648"}],"wp:attachment":[{"href":"https:\/\/www.follow-up.com.br\/pt\/wp-json\/wp\/v2\/media?parent=647"}],"wp:term":[{"taxonomy":"category","embeddable":true,"href":"https:\/\/www.follow-up.com.br\/pt\/wp-json\/wp\/v2\/categories?post=647"},{"taxonomy":"post_tag","embeddable":true,"href":"https:\/\/www.follow-up.com.br\/pt\/wp-json\/wp\/v2\/tags?post=647"}],"curies":[{"name":"wp","href":"https:\/\/api.w.org\/{rel}","templated":true}]}}