{"id":66,"date":"2014-08-24T18:56:26","date_gmt":"2014-08-24T21:56:26","guid":{"rendered":"http:\/\/192.168.1.104\/enfold-blog\/?p=1"},"modified":"2017-11-06T21:17:55","modified_gmt":"2017-11-06T23:17:55","slug":"as-regras-para-unificacao-da-forma-de-escrever-em-portugues","status":"publish","type":"post","link":"https:\/\/www.follow-up.com.br\/pt\/as-regras-para-unificacao-da-forma-de-escrever-em-portugues\/","title":{"rendered":"As regras para a unifica\u00e7\u00e3o da forma de escrever em portugu\u00eas ."},"content":{"rendered":"<div id=\"breadcrumb\"><\/div>\n<div id=\"conteudo\">\n<div class=\"cabecalho\">\n<h1>REFORMA ORTOGR\u00c1FICA: Veja o resumo das novas regras<\/h1>\n<div id=\"texto\"><b>Trema<\/b><br \/>\nDeixou de ser usado, mas nada muda na pron\u00fancia<\/p>\n<ul>\n<li>bil\u00edngue; pinguim; cinquenta; linguistico; delinquente; Antiguidade; quinqu\u00eanio; tranquilo; sequestro; consequ\u00eancia; aguentar; sagui; arguir<\/li>\n<\/ul>\n<p><i>Aten\u00e7\u00e3o:<\/i><br \/>\nExce\u00e7\u00e3o para nomes pr\u00f3prios estrangeiros (como M\u00fcller e B\u00fcndchen)<\/p>\n<p><!--more--><\/p>\n<p><b>Ditongos abertos<\/b><br \/>\nOs ditongos &#8216;\u00e9i&#8217;, &#8216;\u00f3i&#8217; e &#8216;\u00e9u&#8217; s\u00f3 continuam acentuados no final da palavra<\/p>\n<ul>\n<li>boia; paranoico; heroico; plateia; ideia; tipoia<\/li>\n<\/ul>\n<p>Mas c\u00e9u, d\u00f3i, chap\u00e9u, an\u00e9is, len\u00e7\u00f3is n\u00e3o mudam<\/p>\n<p><i>Aten\u00e7\u00e3o<\/i>:<br \/>\nO acento ser\u00e1 mantido em destr\u00f3ier e M\u00e9ier, conforme a regra que manda acentuar os parox\u00edtonos terminados em &#8216;r&#8217;<\/p>\n<p><b>Acento diferencial de tonicidade<\/b><br \/>\nN\u00e3o se acentuam mais certos substantivos e formas verbais para distingui-los graficamente de outras palavras<\/p>\n<ul>\n<li>Vou para casa. (preposi\u00e7\u00e3o)<\/li>\n<li>Ela n\u00e3o para de chorar. (verbo)<\/li>\n<li>Vou pelo morro\/pela estrada. (contra\u00e7\u00e3o de preposi\u00e7\u00e3o + artigo)<\/li>\n<li>O pelo do gato. (substantivo)<\/li>\n<li>Eu pelo\/ele pela a cabe\u00e7a. (verbo)<\/li>\n<\/ul>\n<p><i>Aten\u00e7\u00e3o<\/i>:<br \/>\nEsta regra aplica-se tamb\u00e9m \u00e0s palavras compostas: para-brisa, para-raios. Para evitar confus\u00f5es, foram mantidos os acentos do verbo p\u00f4r e da forma do pret\u00e9rito perfeito p\u00f4de. O acento de f\u00f4rma (distinto de forma) \u00e9 facultativo<\/p>\n<p><b>Acento circunflexo<\/b><br \/>\nOs hiatos &#8216;oo&#8217; e &#8216;ee&#8217; n\u00e3o recebem mais acento<\/p>\n<ul>\n<li>aben\u00e7oo; perdoo; magoo; enjoo; leem; veem; deem; creem<\/li>\n<\/ul>\n<p><i>Aten\u00e7\u00e3o<\/i>:<br \/>\nContinuam acentuados (ele) v\u00ea, (eles) v\u00eam [verbo vir], (eles) t\u00eam etc.<\/p>\n<p><b>Acento agudo sobre o &#8216;u&#8217;<\/b><br \/>\n<b>1.<\/b> N\u00e3o se acentua mais o &#8216;u&#8217; t\u00f4nico das formas verbais argui, apazigue, averigue<br \/>\n<b>2.<\/b> N\u00e3o se acentuam mais o &#8216;u&#8217; e o &#8216;i&#8217; t\u00f4nicos precedidos de ditongo em palavras parox\u00edtonas<\/p>\n<ul>\n<li>feiura; bocaiuva; baiuca; Sauipe<\/li>\n<\/ul>\n<p><i>Aten\u00e7\u00e3o:<\/i><br \/>\nFei\u00edssimo e chei\u00edssimo continuam acentuados porque s\u00e3o proparox\u00edtonos; bem como Piau\u00ed e tei\u00fa, que s\u00e3o ox\u00edtonos<\/p>\n<p><b>H\u00edfen<\/b><\/p>\n<p>O h\u00edfen \u00e9 empregado:<br \/>\n<b>1.<\/b> Se o segundo elemento come\u00e7a por &#8216;h&#8217;<\/p>\n<ul>\n<li>geo-hist\u00f3ria; giga-hertz; bio-hist\u00f3rico; super-her\u00f3i; anti-her\u00f3i; macro-hist\u00f3ria; mini-hotel; super-homem<\/li>\n<\/ul>\n<p><b>2.<\/b> Para separar vogais ou consoantes iguais<\/p>\n<ul>\n<li>inter-racial; micro-ondas; micro-\u00f4nibus; mega-apag\u00e3o; sub-bibliotec\u00e1rio;<br \/>\nsub-base; anti-imperialista; anti-inflamat\u00f3rio; contra-atacar; entre-eixos; hiper-real; infra-axilar<\/li>\n<\/ul>\n<p><b>3.<\/b> Prefixos &#8216;pan&#8217; ou &#8216;circum&#8217;, seguidos de palavras que come\u00e7am por vogal, &#8216;h&#8217;, &#8216;m&#8217; ou &#8216;n&#8217;<\/p>\n<ul>\n<li>pan-negritude; pan-hisp\u00e2nico; circum-murados; pan-americano; pan-helenismo; circum-navega\u00e7\u00e3o<\/li>\n<\/ul>\n<p><b>4.<\/b> Com &#8216;p\u00f3s&#8217;, &#8216;pr\u00e9&#8217; &#8216;pr\u00f3&#8217;<\/p>\n<ul>\n<li>p\u00f3s-graduado; pr\u00e9-operat\u00f3rio; pr\u00f3-reitor; p\u00f3s-auricular; pr\u00e9-datado; pr\u00e9-escolar<\/li>\n<\/ul>\n<p><i>Aten\u00e7\u00e3o<\/i>:<br \/>\nEsta regra n\u00e3o se aplica \u00e0s palavras em que se unem um prefixo terminado em vogal e uma palavra come\u00e7ada por &#8216;r&#8217; ou &#8216;s&#8217;. Quando isso acontece, dobra-se o &#8216;r&#8217; ou &#8216;s&#8217;: microssonda (micro + sonda), contrarregra, motosserra, ultrassom, infrassom, suprarregional<\/p>\n<p>Fonte: Jos\u00e9 Carlos de Azeredo, professor adjunto de l\u00edngua portuguesa da Uerj (Universidade do Estado do Rio de Janeiro), autor de Gram\u00e1tica Houaiss da l\u00edngua portuguesa e coordenador e consultor do livro Escrevendo pela nova ortografia (Instituto Ant\u00f4nio Houaiss\/Publifolha)<\/p>\n<\/div>\n<\/div>\n<div>Fonte:\u00a0<a href=\"http:\/\/educacao.uol.com.br\/\" target=\"_blank\">http:\/\/educacao.uol.com.br\/<\/a><\/div>\n<\/div>\n<p>&nbsp;<\/p>\n","protected":false},"excerpt":{"rendered":"<p>REFORMA ORTOGR\u00c1FICA: Veja o resumo das novas regras Trema Deixou de ser usado, mas nada muda na pron\u00fancia bil\u00edngue; pinguim; cinquenta; linguistico; delinquente; Antiguidade; quinqu\u00eanio; tranquilo; sequestro; consequ\u00eancia; aguentar; sagui; arguir Aten\u00e7\u00e3o: Exce\u00e7\u00e3o para nomes pr\u00f3prios estrangeiros (como M\u00fcller e B\u00fcndchen)<\/p>\n","protected":false},"author":1,"featured_media":375,"comment_status":"closed","ping_status":"closed","sticky":false,"template":"","format":"standard","meta":{"_joinchat":[],"footnotes":""},"categories":[14],"tags":[30],"class_list":["post-66","post","type-post","status-publish","format-standard","has-post-thumbnail","hentry","category-novidades","tag-regras-para-a-unificacao-da-forma-de-escrever-em-portugues"],"yoast_head":"<!-- This site is optimized with the Yoast SEO plugin v26.9 - https:\/\/yoast.com\/product\/yoast-seo-wordpress\/ -->\n<title>As regras para a unifica\u00e7\u00e3o da forma de escrever em portugu\u00eas . - Follow-Up Tradu\u00e7\u00f5es T\u00e9cnicas, Tradu\u00e7\u00e3o Juramentada<\/title>\n<meta name=\"robots\" content=\"index, follow, max-snippet:-1, max-image-preview:large, max-video-preview:-1\" \/>\n<link rel=\"canonical\" href=\"https:\/\/www.follow-up.com.br\/pt\/as-regras-para-unificacao-da-forma-de-escrever-em-portugues\/\" \/>\n<meta property=\"og:locale\" content=\"pt_BR\" \/>\n<meta property=\"og:type\" content=\"article\" \/>\n<meta property=\"og:title\" content=\"As regras para a unifica\u00e7\u00e3o da forma de escrever em portugu\u00eas . - Follow-Up Tradu\u00e7\u00f5es T\u00e9cnicas, Tradu\u00e7\u00e3o Juramentada\" \/>\n<meta property=\"og:description\" content=\"REFORMA ORTOGR\u00c1FICA: Veja o resumo das novas regras Trema Deixou de ser usado, mas nada muda na pron\u00fancia bil\u00edngue; pinguim; cinquenta; linguistico; delinquente; Antiguidade; quinqu\u00eanio; tranquilo; sequestro; consequ\u00eancia; aguentar; sagui; arguir Aten\u00e7\u00e3o: Exce\u00e7\u00e3o para nomes pr\u00f3prios estrangeiros (como M\u00fcller e B\u00fcndchen)\" \/>\n<meta property=\"og:url\" content=\"https:\/\/www.follow-up.com.br\/pt\/as-regras-para-unificacao-da-forma-de-escrever-em-portugues\/\" \/>\n<meta property=\"og:site_name\" content=\"Follow-Up Tradu\u00e7\u00f5es T\u00e9cnicas, Tradu\u00e7\u00e3o Juramentada\" \/>\n<meta property=\"article:published_time\" content=\"2014-08-24T21:56:26+00:00\" \/>\n<meta property=\"article:modified_time\" content=\"2017-11-06T23:17:55+00:00\" \/>\n<meta property=\"og:image\" content=\"https:\/\/www.follow-up.com.br\/pt\/wp-content\/uploads\/2014\/08\/student-849825_1280.jpg\" \/>\n\t<meta property=\"og:image:width\" content=\"1280\" \/>\n\t<meta property=\"og:image:height\" content=\"853\" \/>\n\t<meta property=\"og:image:type\" content=\"image\/jpeg\" \/>\n<meta name=\"author\" content=\"Follow-up\" \/>\n<meta name=\"twitter:card\" content=\"summary_large_image\" \/>\n<meta name=\"twitter:label1\" content=\"Escrito por\" \/>\n\t<meta name=\"twitter:data1\" content=\"Follow-up\" \/>\n\t<meta name=\"twitter:label2\" content=\"Est. tempo de leitura\" \/>\n\t<meta name=\"twitter:data2\" content=\"3 minutos\" \/>\n<script type=\"application\/ld+json\" class=\"yoast-schema-graph\">{\"@context\":\"https:\/\/schema.org\",\"@graph\":[{\"@type\":\"Article\",\"@id\":\"https:\/\/www.follow-up.com.br\/pt\/as-regras-para-unificacao-da-forma-de-escrever-em-portugues\/#article\",\"isPartOf\":{\"@id\":\"https:\/\/www.follow-up.com.br\/pt\/as-regras-para-unificacao-da-forma-de-escrever-em-portugues\/\"},\"author\":{\"name\":\"Follow-up\",\"@id\":\"https:\/\/www.follow-up.com.br\/pt\/#\/schema\/person\/4a165c318416585f5a80391a0332f4a9\"},\"headline\":\"As regras para a unifica\u00e7\u00e3o da forma de escrever em portugu\u00eas .\",\"datePublished\":\"2014-08-24T21:56:26+00:00\",\"dateModified\":\"2017-11-06T23:17:55+00:00\",\"mainEntityOfPage\":{\"@id\":\"https:\/\/www.follow-up.com.br\/pt\/as-regras-para-unificacao-da-forma-de-escrever-em-portugues\/\"},\"wordCount\":510,\"image\":{\"@id\":\"https:\/\/www.follow-up.com.br\/pt\/as-regras-para-unificacao-da-forma-de-escrever-em-portugues\/#primaryimage\"},\"thumbnailUrl\":\"https:\/\/www.follow-up.com.br\/pt\/wp-content\/uploads\/2014\/08\/student-849825_1280.jpg\",\"keywords\":[\"Regras para a unifica\u00e7\u00e3o da forma de escrever em portugu\u00eas\"],\"articleSection\":[\"Novidades\"],\"inLanguage\":\"pt-BR\"},{\"@type\":\"WebPage\",\"@id\":\"https:\/\/www.follow-up.com.br\/pt\/as-regras-para-unificacao-da-forma-de-escrever-em-portugues\/\",\"url\":\"https:\/\/www.follow-up.com.br\/pt\/as-regras-para-unificacao-da-forma-de-escrever-em-portugues\/\",\"name\":\"As regras para a unifica\u00e7\u00e3o da forma de escrever em portugu\u00eas . - Follow-Up Tradu\u00e7\u00f5es T\u00e9cnicas, Tradu\u00e7\u00e3o Juramentada\",\"isPartOf\":{\"@id\":\"https:\/\/www.follow-up.com.br\/pt\/#website\"},\"primaryImageOfPage\":{\"@id\":\"https:\/\/www.follow-up.com.br\/pt\/as-regras-para-unificacao-da-forma-de-escrever-em-portugues\/#primaryimage\"},\"image\":{\"@id\":\"https:\/\/www.follow-up.com.br\/pt\/as-regras-para-unificacao-da-forma-de-escrever-em-portugues\/#primaryimage\"},\"thumbnailUrl\":\"https:\/\/www.follow-up.com.br\/pt\/wp-content\/uploads\/2014\/08\/student-849825_1280.jpg\",\"datePublished\":\"2014-08-24T21:56:26+00:00\",\"dateModified\":\"2017-11-06T23:17:55+00:00\",\"author\":{\"@id\":\"https:\/\/www.follow-up.com.br\/pt\/#\/schema\/person\/4a165c318416585f5a80391a0332f4a9\"},\"breadcrumb\":{\"@id\":\"https:\/\/www.follow-up.com.br\/pt\/as-regras-para-unificacao-da-forma-de-escrever-em-portugues\/#breadcrumb\"},\"inLanguage\":\"pt-BR\",\"potentialAction\":[{\"@type\":\"ReadAction\",\"target\":[\"https:\/\/www.follow-up.com.br\/pt\/as-regras-para-unificacao-da-forma-de-escrever-em-portugues\/\"]}]},{\"@type\":\"ImageObject\",\"inLanguage\":\"pt-BR\",\"@id\":\"https:\/\/www.follow-up.com.br\/pt\/as-regras-para-unificacao-da-forma-de-escrever-em-portugues\/#primaryimage\",\"url\":\"https:\/\/www.follow-up.com.br\/pt\/wp-content\/uploads\/2014\/08\/student-849825_1280.jpg\",\"contentUrl\":\"https:\/\/www.follow-up.com.br\/pt\/wp-content\/uploads\/2014\/08\/student-849825_1280.jpg\",\"width\":1280,\"height\":853},{\"@type\":\"BreadcrumbList\",\"@id\":\"https:\/\/www.follow-up.com.br\/pt\/as-regras-para-unificacao-da-forma-de-escrever-em-portugues\/#breadcrumb\",\"itemListElement\":[{\"@type\":\"ListItem\",\"position\":1,\"name\":\"In\u00edcio\",\"item\":\"https:\/\/www.follow-up.com.br\/pt\/\"},{\"@type\":\"ListItem\",\"position\":2,\"name\":\"As regras para a unifica\u00e7\u00e3o da forma de escrever em portugu\u00eas .\"}]},{\"@type\":\"WebSite\",\"@id\":\"https:\/\/www.follow-up.com.br\/pt\/#website\",\"url\":\"https:\/\/www.follow-up.com.br\/pt\/\",\"name\":\"Follow-Up Tradu\u00e7\u00f5es T\u00e9cnicas, Tradu\u00e7\u00e3o Juramentada\",\"description\":\"Tradu\u00e7\u00f5es T\u00e9cnicas em \u00c1reas Especializadas,Tradu\u00e7\u00e3o juramentada Localiza\u00e7\u00e3o de Software e Websites\",\"potentialAction\":[{\"@type\":\"SearchAction\",\"target\":{\"@type\":\"EntryPoint\",\"urlTemplate\":\"https:\/\/www.follow-up.com.br\/pt\/?s={search_term_string}\"},\"query-input\":{\"@type\":\"PropertyValueSpecification\",\"valueRequired\":true,\"valueName\":\"search_term_string\"}}],\"inLanguage\":\"pt-BR\"},{\"@type\":\"Person\",\"@id\":\"https:\/\/www.follow-up.com.br\/pt\/#\/schema\/person\/4a165c318416585f5a80391a0332f4a9\",\"name\":\"Follow-up\",\"url\":\"https:\/\/www.follow-up.com.br\/pt\/author\/lilian\/\"}]}<\/script>\n<!-- \/ Yoast SEO plugin. -->","yoast_head_json":{"title":"As regras para a unifica\u00e7\u00e3o da forma de escrever em portugu\u00eas . - Follow-Up Tradu\u00e7\u00f5es T\u00e9cnicas, Tradu\u00e7\u00e3o Juramentada","robots":{"index":"index","follow":"follow","max-snippet":"max-snippet:-1","max-image-preview":"max-image-preview:large","max-video-preview":"max-video-preview:-1"},"canonical":"https:\/\/www.follow-up.com.br\/pt\/as-regras-para-unificacao-da-forma-de-escrever-em-portugues\/","og_locale":"pt_BR","og_type":"article","og_title":"As regras para a unifica\u00e7\u00e3o da forma de escrever em portugu\u00eas . - Follow-Up Tradu\u00e7\u00f5es T\u00e9cnicas, Tradu\u00e7\u00e3o Juramentada","og_description":"REFORMA ORTOGR\u00c1FICA: Veja o resumo das novas regras Trema Deixou de ser usado, mas nada muda na pron\u00fancia bil\u00edngue; pinguim; cinquenta; linguistico; delinquente; Antiguidade; quinqu\u00eanio; tranquilo; sequestro; consequ\u00eancia; aguentar; sagui; arguir Aten\u00e7\u00e3o: Exce\u00e7\u00e3o para nomes pr\u00f3prios estrangeiros (como M\u00fcller e B\u00fcndchen)","og_url":"https:\/\/www.follow-up.com.br\/pt\/as-regras-para-unificacao-da-forma-de-escrever-em-portugues\/","og_site_name":"Follow-Up Tradu\u00e7\u00f5es T\u00e9cnicas, Tradu\u00e7\u00e3o Juramentada","article_published_time":"2014-08-24T21:56:26+00:00","article_modified_time":"2017-11-06T23:17:55+00:00","og_image":[{"width":1280,"height":853,"url":"https:\/\/www.follow-up.com.br\/pt\/wp-content\/uploads\/2014\/08\/student-849825_1280.jpg","type":"image\/jpeg"}],"author":"Follow-up","twitter_card":"summary_large_image","twitter_misc":{"Escrito por":"Follow-up","Est. tempo de leitura":"3 minutos"},"schema":{"@context":"https:\/\/schema.org","@graph":[{"@type":"Article","@id":"https:\/\/www.follow-up.com.br\/pt\/as-regras-para-unificacao-da-forma-de-escrever-em-portugues\/#article","isPartOf":{"@id":"https:\/\/www.follow-up.com.br\/pt\/as-regras-para-unificacao-da-forma-de-escrever-em-portugues\/"},"author":{"name":"Follow-up","@id":"https:\/\/www.follow-up.com.br\/pt\/#\/schema\/person\/4a165c318416585f5a80391a0332f4a9"},"headline":"As regras para a unifica\u00e7\u00e3o da forma de escrever em portugu\u00eas .","datePublished":"2014-08-24T21:56:26+00:00","dateModified":"2017-11-06T23:17:55+00:00","mainEntityOfPage":{"@id":"https:\/\/www.follow-up.com.br\/pt\/as-regras-para-unificacao-da-forma-de-escrever-em-portugues\/"},"wordCount":510,"image":{"@id":"https:\/\/www.follow-up.com.br\/pt\/as-regras-para-unificacao-da-forma-de-escrever-em-portugues\/#primaryimage"},"thumbnailUrl":"https:\/\/www.follow-up.com.br\/pt\/wp-content\/uploads\/2014\/08\/student-849825_1280.jpg","keywords":["Regras para a unifica\u00e7\u00e3o da forma de escrever em portugu\u00eas"],"articleSection":["Novidades"],"inLanguage":"pt-BR"},{"@type":"WebPage","@id":"https:\/\/www.follow-up.com.br\/pt\/as-regras-para-unificacao-da-forma-de-escrever-em-portugues\/","url":"https:\/\/www.follow-up.com.br\/pt\/as-regras-para-unificacao-da-forma-de-escrever-em-portugues\/","name":"As regras para a unifica\u00e7\u00e3o da forma de escrever em portugu\u00eas . - Follow-Up Tradu\u00e7\u00f5es T\u00e9cnicas, Tradu\u00e7\u00e3o Juramentada","isPartOf":{"@id":"https:\/\/www.follow-up.com.br\/pt\/#website"},"primaryImageOfPage":{"@id":"https:\/\/www.follow-up.com.br\/pt\/as-regras-para-unificacao-da-forma-de-escrever-em-portugues\/#primaryimage"},"image":{"@id":"https:\/\/www.follow-up.com.br\/pt\/as-regras-para-unificacao-da-forma-de-escrever-em-portugues\/#primaryimage"},"thumbnailUrl":"https:\/\/www.follow-up.com.br\/pt\/wp-content\/uploads\/2014\/08\/student-849825_1280.jpg","datePublished":"2014-08-24T21:56:26+00:00","dateModified":"2017-11-06T23:17:55+00:00","author":{"@id":"https:\/\/www.follow-up.com.br\/pt\/#\/schema\/person\/4a165c318416585f5a80391a0332f4a9"},"breadcrumb":{"@id":"https:\/\/www.follow-up.com.br\/pt\/as-regras-para-unificacao-da-forma-de-escrever-em-portugues\/#breadcrumb"},"inLanguage":"pt-BR","potentialAction":[{"@type":"ReadAction","target":["https:\/\/www.follow-up.com.br\/pt\/as-regras-para-unificacao-da-forma-de-escrever-em-portugues\/"]}]},{"@type":"ImageObject","inLanguage":"pt-BR","@id":"https:\/\/www.follow-up.com.br\/pt\/as-regras-para-unificacao-da-forma-de-escrever-em-portugues\/#primaryimage","url":"https:\/\/www.follow-up.com.br\/pt\/wp-content\/uploads\/2014\/08\/student-849825_1280.jpg","contentUrl":"https:\/\/www.follow-up.com.br\/pt\/wp-content\/uploads\/2014\/08\/student-849825_1280.jpg","width":1280,"height":853},{"@type":"BreadcrumbList","@id":"https:\/\/www.follow-up.com.br\/pt\/as-regras-para-unificacao-da-forma-de-escrever-em-portugues\/#breadcrumb","itemListElement":[{"@type":"ListItem","position":1,"name":"In\u00edcio","item":"https:\/\/www.follow-up.com.br\/pt\/"},{"@type":"ListItem","position":2,"name":"As regras para a unifica\u00e7\u00e3o da forma de escrever em portugu\u00eas ."}]},{"@type":"WebSite","@id":"https:\/\/www.follow-up.com.br\/pt\/#website","url":"https:\/\/www.follow-up.com.br\/pt\/","name":"Follow-Up Tradu\u00e7\u00f5es T\u00e9cnicas, Tradu\u00e7\u00e3o Juramentada","description":"Tradu\u00e7\u00f5es T\u00e9cnicas em \u00c1reas Especializadas,Tradu\u00e7\u00e3o juramentada Localiza\u00e7\u00e3o de Software e Websites","potentialAction":[{"@type":"SearchAction","target":{"@type":"EntryPoint","urlTemplate":"https:\/\/www.follow-up.com.br\/pt\/?s={search_term_string}"},"query-input":{"@type":"PropertyValueSpecification","valueRequired":true,"valueName":"search_term_string"}}],"inLanguage":"pt-BR"},{"@type":"Person","@id":"https:\/\/www.follow-up.com.br\/pt\/#\/schema\/person\/4a165c318416585f5a80391a0332f4a9","name":"Follow-up","url":"https:\/\/www.follow-up.com.br\/pt\/author\/lilian\/"}]}},"_links":{"self":[{"href":"https:\/\/www.follow-up.com.br\/pt\/wp-json\/wp\/v2\/posts\/66","targetHints":{"allow":["GET"]}}],"collection":[{"href":"https:\/\/www.follow-up.com.br\/pt\/wp-json\/wp\/v2\/posts"}],"about":[{"href":"https:\/\/www.follow-up.com.br\/pt\/wp-json\/wp\/v2\/types\/post"}],"author":[{"embeddable":true,"href":"https:\/\/www.follow-up.com.br\/pt\/wp-json\/wp\/v2\/users\/1"}],"replies":[{"embeddable":true,"href":"https:\/\/www.follow-up.com.br\/pt\/wp-json\/wp\/v2\/comments?post=66"}],"version-history":[{"count":4,"href":"https:\/\/www.follow-up.com.br\/pt\/wp-json\/wp\/v2\/posts\/66\/revisions"}],"predecessor-version":[{"id":500,"href":"https:\/\/www.follow-up.com.br\/pt\/wp-json\/wp\/v2\/posts\/66\/revisions\/500"}],"wp:featuredmedia":[{"embeddable":true,"href":"https:\/\/www.follow-up.com.br\/pt\/wp-json\/wp\/v2\/media\/375"}],"wp:attachment":[{"href":"https:\/\/www.follow-up.com.br\/pt\/wp-json\/wp\/v2\/media?parent=66"}],"wp:term":[{"taxonomy":"category","embeddable":true,"href":"https:\/\/www.follow-up.com.br\/pt\/wp-json\/wp\/v2\/categories?post=66"},{"taxonomy":"post_tag","embeddable":true,"href":"https:\/\/www.follow-up.com.br\/pt\/wp-json\/wp\/v2\/tags?post=66"}],"curies":[{"name":"wp","href":"https:\/\/api.w.org\/{rel}","templated":true}]}}