{"id":680,"date":"2018-01-04T14:48:21","date_gmt":"2018-01-04T16:48:21","guid":{"rendered":"http:\/\/www.follow-up.com.br\/pt\/?p=680"},"modified":"2018-01-04T14:49:35","modified_gmt":"2018-01-04T16:49:35","slug":"primavera-literaria-brasileira-2018","status":"publish","type":"post","link":"https:\/\/www.follow-up.com.br\/pt\/primavera-literaria-brasileira-2018\/","title":{"rendered":"Primavera Liter\u00e1ria Brasileira 2018"},"content":{"rendered":"\n<style type=\"text\/css\" data-created_by=\"avia_inline_auto\" id=\"style-css-av-av_heading-5af6edd3955b52e0a20650abcd7e579e\">\n#top .av-special-heading.av-av_heading-5af6edd3955b52e0a20650abcd7e579e{\npadding-bottom:10px;\n}\nbody .av-special-heading.av-av_heading-5af6edd3955b52e0a20650abcd7e579e .av-special-heading-tag .heading-char{\nfont-size:25px;\n}\n.av-special-heading.av-av_heading-5af6edd3955b52e0a20650abcd7e579e .av-subheading{\nfont-size:15px;\n}\n<\/style>\n<div  class='av-special-heading av-av_heading-5af6edd3955b52e0a20650abcd7e579e av-special-heading-h3  avia-builder-el-0  el_before_av_image  avia-builder-el-first '><h3 class='av-special-heading-tag'  itemprop=\"headline\"  >Primavera Liter\u00e1ria Brasileira 2018<\/h3><div class=\"special-heading-border\"><div class=\"special-heading-inner-border\"><\/div><\/div><\/div>\n\n<style type=\"text\/css\" data-created_by=\"avia_inline_auto\" id=\"style-css-av-av_image-f55ed882b98a15bf1128f0d15248ba77\">\n.avia-image-container.av-av_image-f55ed882b98a15bf1128f0d15248ba77 img.avia_image{\nbox-shadow:none;\n}\n.avia-image-container.av-av_image-f55ed882b98a15bf1128f0d15248ba77 .av-image-caption-overlay-center{\ncolor:#ffffff;\n}\n<\/style>\n<div  class='avia-image-container av-av_image-f55ed882b98a15bf1128f0d15248ba77 av-styling- avia-align-left  avia-builder-el-1  el_after_av_heading  el_before_av_textblock '   itemprop=\"image\" itemscope=\"itemscope\" itemtype=\"https:\/\/schema.org\/ImageObject\" ><div class=\"avia-image-container-inner\"><div class=\"avia-image-overlay-wrap\"><img decoding=\"async\" fetchpriority=\"high\" class='wp-image-681 avia-img-lazy-loading-not-681 avia_image ' src=\"https:\/\/www.follow-up.com.br\/pt\/wp-content\/uploads\/2018\/01\/books-2463779_960_720-845x321.jpg\" alt='' title='books-2463779_960_720'  height=\"321\" width=\"845\"  itemprop=\"thumbnailUrl\"  \/><\/div><\/div><\/div>\n<section  class='av_textblock_section av-av_textblock-0366cc7376be6c9e82a3e9cc8987b64f '   itemscope=\"itemscope\" itemtype=\"https:\/\/schema.org\/BlogPosting\" itemprop=\"blogPost\" ><div class='avia_textblock'  itemprop=\"text\" ><p style=\"font-weight: 400;\"><strong>Primavera Liter\u00e1ria chega aos EUA\u00a0<\/strong><strong>e se espalha pela Europa<\/strong><\/p>\n<p>Idealizada por Leonardo Tonus (foto), da Sorbonne, com programa\u00e7\u00e3o primeiro na Fran\u00e7a e depois tamb\u00e9m na B\u00e9lgica e em Luxemburgo, a Primavera Liter\u00e1ria Brasileira se prepara para dar um passo ainda maior em 2018. J\u00e1 est\u00e1 confirmada uma edi\u00e7\u00e3o do festival que leva autores para debates com leitores e estudantes estrangeiros de literatura brasileira nos EUA \u2013 em Chicago, Columbus, Phoenix e Albuquerque. Tudo em parceria com universidades locais. Portugal, Espanha e Dinamarca tamb\u00e9m receber\u00e3o os autores \u2013 escolhidos por crit\u00e9rios como diversidade geogr\u00e1fica, editorial e \u00e9tnico-cultural. O evento vai se prolongar por toda a primavera (do hemisf\u00e9rio norte). Entre os nomes j\u00e1 confirmados, est\u00e3o Lucia Hiratsuka, Henrique Rodrigues, M\u00e1rcia Tiburi, Allan da Rosa, Jos\u00e9 Luiz Passos e Natalia Borges Polesso.<\/p>\n<p style=\"font-weight: 400;\">Fonte\u00a0: Estad\u00e3o\/ Maria Fernanda Rodrigues<\/p>\n<p style=\"font-weight: 400;\">(2 de dezembro de 2017)<\/p>\n<p style=\"font-weight: 400;\"><a href=\"http:\/\/cultura.estadao.com.br\/blogs\/babel\/babel-primavera-literaria-chega-aos-eua-e-se-espalha-pela-europa\/\">Coluna Babel<\/a><\/p>\n<\/div><\/section>\n","protected":false},"excerpt":{"rendered":"","protected":false},"author":1,"featured_media":681,"comment_status":"open","ping_status":"open","sticky":false,"template":"","format":"standard","meta":{"_joinchat":[],"footnotes":""},"categories":[14],"tags":[50],"class_list":["post-680","post","type-post","status-publish","format-standard","has-post-thumbnail","hentry","category-novidades","tag-primavera-literaria-brasileira"],"yoast_head":"<!-- This site is optimized with the Yoast SEO plugin v26.9 - https:\/\/yoast.com\/product\/yoast-seo-wordpress\/ -->\n<title>Primavera Liter\u00e1ria Brasileira 2018 - Follow-Up Tradu\u00e7\u00f5es T\u00e9cnicas, Tradu\u00e7\u00e3o Juramentada<\/title>\n<meta name=\"robots\" content=\"index, follow, max-snippet:-1, max-image-preview:large, max-video-preview:-1\" \/>\n<link rel=\"canonical\" href=\"https:\/\/www.follow-up.com.br\/pt\/primavera-literaria-brasileira-2018\/\" \/>\n<meta property=\"og:locale\" content=\"pt_BR\" \/>\n<meta property=\"og:type\" content=\"article\" \/>\n<meta property=\"og:title\" content=\"Primavera Liter\u00e1ria Brasileira 2018 - Follow-Up Tradu\u00e7\u00f5es T\u00e9cnicas, Tradu\u00e7\u00e3o Juramentada\" \/>\n<meta property=\"og:url\" content=\"https:\/\/www.follow-up.com.br\/pt\/primavera-literaria-brasileira-2018\/\" \/>\n<meta property=\"og:site_name\" content=\"Follow-Up Tradu\u00e7\u00f5es T\u00e9cnicas, Tradu\u00e7\u00e3o Juramentada\" \/>\n<meta property=\"article:published_time\" content=\"2018-01-04T16:48:21+00:00\" \/>\n<meta property=\"article:modified_time\" content=\"2018-01-04T16:49:35+00:00\" \/>\n<meta property=\"og:image\" content=\"https:\/\/www.follow-up.com.br\/pt\/wp-content\/uploads\/2018\/01\/books-2463779_960_720.jpg\" \/>\n\t<meta property=\"og:image:width\" content=\"960\" \/>\n\t<meta property=\"og:image:height\" content=\"676\" \/>\n\t<meta property=\"og:image:type\" content=\"image\/jpeg\" \/>\n<meta name=\"author\" content=\"Follow-up\" \/>\n<meta name=\"twitter:card\" content=\"summary_large_image\" \/>\n<meta name=\"twitter:label1\" content=\"Escrito por\" \/>\n\t<meta name=\"twitter:data1\" content=\"Follow-up\" \/>\n\t<meta name=\"twitter:label2\" content=\"Est. tempo de leitura\" \/>\n\t<meta name=\"twitter:data2\" content=\"1 minuto\" \/>\n<script type=\"application\/ld+json\" class=\"yoast-schema-graph\">{\"@context\":\"https:\/\/schema.org\",\"@graph\":[{\"@type\":\"Article\",\"@id\":\"https:\/\/www.follow-up.com.br\/pt\/primavera-literaria-brasileira-2018\/#article\",\"isPartOf\":{\"@id\":\"https:\/\/www.follow-up.com.br\/pt\/primavera-literaria-brasileira-2018\/\"},\"author\":{\"name\":\"Follow-up\",\"@id\":\"https:\/\/www.follow-up.com.br\/pt\/#\/schema\/person\/4a165c318416585f5a80391a0332f4a9\"},\"headline\":\"Primavera Liter\u00e1ria Brasileira 2018\",\"datePublished\":\"2018-01-04T16:48:21+00:00\",\"dateModified\":\"2018-01-04T16:49:35+00:00\",\"mainEntityOfPage\":{\"@id\":\"https:\/\/www.follow-up.com.br\/pt\/primavera-literaria-brasileira-2018\/\"},\"wordCount\":231,\"commentCount\":0,\"image\":{\"@id\":\"https:\/\/www.follow-up.com.br\/pt\/primavera-literaria-brasileira-2018\/#primaryimage\"},\"thumbnailUrl\":\"https:\/\/www.follow-up.com.br\/pt\/wp-content\/uploads\/2018\/01\/books-2463779_960_720.jpg\",\"keywords\":[\"Primavera liter\u00e1ria Brasileira\"],\"articleSection\":[\"Novidades\"],\"inLanguage\":\"pt-BR\"},{\"@type\":\"WebPage\",\"@id\":\"https:\/\/www.follow-up.com.br\/pt\/primavera-literaria-brasileira-2018\/\",\"url\":\"https:\/\/www.follow-up.com.br\/pt\/primavera-literaria-brasileira-2018\/\",\"name\":\"Primavera Liter\u00e1ria Brasileira 2018 - Follow-Up Tradu\u00e7\u00f5es T\u00e9cnicas, Tradu\u00e7\u00e3o Juramentada\",\"isPartOf\":{\"@id\":\"https:\/\/www.follow-up.com.br\/pt\/#website\"},\"primaryImageOfPage\":{\"@id\":\"https:\/\/www.follow-up.com.br\/pt\/primavera-literaria-brasileira-2018\/#primaryimage\"},\"image\":{\"@id\":\"https:\/\/www.follow-up.com.br\/pt\/primavera-literaria-brasileira-2018\/#primaryimage\"},\"thumbnailUrl\":\"https:\/\/www.follow-up.com.br\/pt\/wp-content\/uploads\/2018\/01\/books-2463779_960_720.jpg\",\"datePublished\":\"2018-01-04T16:48:21+00:00\",\"dateModified\":\"2018-01-04T16:49:35+00:00\",\"author\":{\"@id\":\"https:\/\/www.follow-up.com.br\/pt\/#\/schema\/person\/4a165c318416585f5a80391a0332f4a9\"},\"breadcrumb\":{\"@id\":\"https:\/\/www.follow-up.com.br\/pt\/primavera-literaria-brasileira-2018\/#breadcrumb\"},\"inLanguage\":\"pt-BR\",\"potentialAction\":[{\"@type\":\"ReadAction\",\"target\":[\"https:\/\/www.follow-up.com.br\/pt\/primavera-literaria-brasileira-2018\/\"]}]},{\"@type\":\"ImageObject\",\"inLanguage\":\"pt-BR\",\"@id\":\"https:\/\/www.follow-up.com.br\/pt\/primavera-literaria-brasileira-2018\/#primaryimage\",\"url\":\"https:\/\/www.follow-up.com.br\/pt\/wp-content\/uploads\/2018\/01\/books-2463779_960_720.jpg\",\"contentUrl\":\"https:\/\/www.follow-up.com.br\/pt\/wp-content\/uploads\/2018\/01\/books-2463779_960_720.jpg\",\"width\":960,\"height\":676},{\"@type\":\"BreadcrumbList\",\"@id\":\"https:\/\/www.follow-up.com.br\/pt\/primavera-literaria-brasileira-2018\/#breadcrumb\",\"itemListElement\":[{\"@type\":\"ListItem\",\"position\":1,\"name\":\"In\u00edcio\",\"item\":\"https:\/\/www.follow-up.com.br\/pt\/\"},{\"@type\":\"ListItem\",\"position\":2,\"name\":\"Primavera Liter\u00e1ria Brasileira 2018\"}]},{\"@type\":\"WebSite\",\"@id\":\"https:\/\/www.follow-up.com.br\/pt\/#website\",\"url\":\"https:\/\/www.follow-up.com.br\/pt\/\",\"name\":\"Follow-Up Tradu\u00e7\u00f5es T\u00e9cnicas, Tradu\u00e7\u00e3o Juramentada\",\"description\":\"Tradu\u00e7\u00f5es T\u00e9cnicas em \u00c1reas Especializadas,Tradu\u00e7\u00e3o juramentada Localiza\u00e7\u00e3o de Software e Websites\",\"potentialAction\":[{\"@type\":\"SearchAction\",\"target\":{\"@type\":\"EntryPoint\",\"urlTemplate\":\"https:\/\/www.follow-up.com.br\/pt\/?s={search_term_string}\"},\"query-input\":{\"@type\":\"PropertyValueSpecification\",\"valueRequired\":true,\"valueName\":\"search_term_string\"}}],\"inLanguage\":\"pt-BR\"},{\"@type\":\"Person\",\"@id\":\"https:\/\/www.follow-up.com.br\/pt\/#\/schema\/person\/4a165c318416585f5a80391a0332f4a9\",\"name\":\"Follow-up\",\"url\":\"https:\/\/www.follow-up.com.br\/pt\/author\/lilian\/\"}]}<\/script>\n<!-- \/ Yoast SEO plugin. -->","yoast_head_json":{"title":"Primavera Liter\u00e1ria Brasileira 2018 - Follow-Up Tradu\u00e7\u00f5es T\u00e9cnicas, Tradu\u00e7\u00e3o Juramentada","robots":{"index":"index","follow":"follow","max-snippet":"max-snippet:-1","max-image-preview":"max-image-preview:large","max-video-preview":"max-video-preview:-1"},"canonical":"https:\/\/www.follow-up.com.br\/pt\/primavera-literaria-brasileira-2018\/","og_locale":"pt_BR","og_type":"article","og_title":"Primavera Liter\u00e1ria Brasileira 2018 - Follow-Up Tradu\u00e7\u00f5es T\u00e9cnicas, Tradu\u00e7\u00e3o Juramentada","og_url":"https:\/\/www.follow-up.com.br\/pt\/primavera-literaria-brasileira-2018\/","og_site_name":"Follow-Up Tradu\u00e7\u00f5es T\u00e9cnicas, Tradu\u00e7\u00e3o Juramentada","article_published_time":"2018-01-04T16:48:21+00:00","article_modified_time":"2018-01-04T16:49:35+00:00","og_image":[{"width":960,"height":676,"url":"https:\/\/www.follow-up.com.br\/pt\/wp-content\/uploads\/2018\/01\/books-2463779_960_720.jpg","type":"image\/jpeg"}],"author":"Follow-up","twitter_card":"summary_large_image","twitter_misc":{"Escrito por":"Follow-up","Est. tempo de leitura":"1 minuto"},"schema":{"@context":"https:\/\/schema.org","@graph":[{"@type":"Article","@id":"https:\/\/www.follow-up.com.br\/pt\/primavera-literaria-brasileira-2018\/#article","isPartOf":{"@id":"https:\/\/www.follow-up.com.br\/pt\/primavera-literaria-brasileira-2018\/"},"author":{"name":"Follow-up","@id":"https:\/\/www.follow-up.com.br\/pt\/#\/schema\/person\/4a165c318416585f5a80391a0332f4a9"},"headline":"Primavera Liter\u00e1ria Brasileira 2018","datePublished":"2018-01-04T16:48:21+00:00","dateModified":"2018-01-04T16:49:35+00:00","mainEntityOfPage":{"@id":"https:\/\/www.follow-up.com.br\/pt\/primavera-literaria-brasileira-2018\/"},"wordCount":231,"commentCount":0,"image":{"@id":"https:\/\/www.follow-up.com.br\/pt\/primavera-literaria-brasileira-2018\/#primaryimage"},"thumbnailUrl":"https:\/\/www.follow-up.com.br\/pt\/wp-content\/uploads\/2018\/01\/books-2463779_960_720.jpg","keywords":["Primavera liter\u00e1ria Brasileira"],"articleSection":["Novidades"],"inLanguage":"pt-BR"},{"@type":"WebPage","@id":"https:\/\/www.follow-up.com.br\/pt\/primavera-literaria-brasileira-2018\/","url":"https:\/\/www.follow-up.com.br\/pt\/primavera-literaria-brasileira-2018\/","name":"Primavera Liter\u00e1ria Brasileira 2018 - Follow-Up Tradu\u00e7\u00f5es T\u00e9cnicas, Tradu\u00e7\u00e3o Juramentada","isPartOf":{"@id":"https:\/\/www.follow-up.com.br\/pt\/#website"},"primaryImageOfPage":{"@id":"https:\/\/www.follow-up.com.br\/pt\/primavera-literaria-brasileira-2018\/#primaryimage"},"image":{"@id":"https:\/\/www.follow-up.com.br\/pt\/primavera-literaria-brasileira-2018\/#primaryimage"},"thumbnailUrl":"https:\/\/www.follow-up.com.br\/pt\/wp-content\/uploads\/2018\/01\/books-2463779_960_720.jpg","datePublished":"2018-01-04T16:48:21+00:00","dateModified":"2018-01-04T16:49:35+00:00","author":{"@id":"https:\/\/www.follow-up.com.br\/pt\/#\/schema\/person\/4a165c318416585f5a80391a0332f4a9"},"breadcrumb":{"@id":"https:\/\/www.follow-up.com.br\/pt\/primavera-literaria-brasileira-2018\/#breadcrumb"},"inLanguage":"pt-BR","potentialAction":[{"@type":"ReadAction","target":["https:\/\/www.follow-up.com.br\/pt\/primavera-literaria-brasileira-2018\/"]}]},{"@type":"ImageObject","inLanguage":"pt-BR","@id":"https:\/\/www.follow-up.com.br\/pt\/primavera-literaria-brasileira-2018\/#primaryimage","url":"https:\/\/www.follow-up.com.br\/pt\/wp-content\/uploads\/2018\/01\/books-2463779_960_720.jpg","contentUrl":"https:\/\/www.follow-up.com.br\/pt\/wp-content\/uploads\/2018\/01\/books-2463779_960_720.jpg","width":960,"height":676},{"@type":"BreadcrumbList","@id":"https:\/\/www.follow-up.com.br\/pt\/primavera-literaria-brasileira-2018\/#breadcrumb","itemListElement":[{"@type":"ListItem","position":1,"name":"In\u00edcio","item":"https:\/\/www.follow-up.com.br\/pt\/"},{"@type":"ListItem","position":2,"name":"Primavera Liter\u00e1ria Brasileira 2018"}]},{"@type":"WebSite","@id":"https:\/\/www.follow-up.com.br\/pt\/#website","url":"https:\/\/www.follow-up.com.br\/pt\/","name":"Follow-Up Tradu\u00e7\u00f5es T\u00e9cnicas, Tradu\u00e7\u00e3o Juramentada","description":"Tradu\u00e7\u00f5es T\u00e9cnicas em \u00c1reas Especializadas,Tradu\u00e7\u00e3o juramentada Localiza\u00e7\u00e3o de Software e Websites","potentialAction":[{"@type":"SearchAction","target":{"@type":"EntryPoint","urlTemplate":"https:\/\/www.follow-up.com.br\/pt\/?s={search_term_string}"},"query-input":{"@type":"PropertyValueSpecification","valueRequired":true,"valueName":"search_term_string"}}],"inLanguage":"pt-BR"},{"@type":"Person","@id":"https:\/\/www.follow-up.com.br\/pt\/#\/schema\/person\/4a165c318416585f5a80391a0332f4a9","name":"Follow-up","url":"https:\/\/www.follow-up.com.br\/pt\/author\/lilian\/"}]}},"_links":{"self":[{"href":"https:\/\/www.follow-up.com.br\/pt\/wp-json\/wp\/v2\/posts\/680","targetHints":{"allow":["GET"]}}],"collection":[{"href":"https:\/\/www.follow-up.com.br\/pt\/wp-json\/wp\/v2\/posts"}],"about":[{"href":"https:\/\/www.follow-up.com.br\/pt\/wp-json\/wp\/v2\/types\/post"}],"author":[{"embeddable":true,"href":"https:\/\/www.follow-up.com.br\/pt\/wp-json\/wp\/v2\/users\/1"}],"replies":[{"embeddable":true,"href":"https:\/\/www.follow-up.com.br\/pt\/wp-json\/wp\/v2\/comments?post=680"}],"version-history":[{"count":3,"href":"https:\/\/www.follow-up.com.br\/pt\/wp-json\/wp\/v2\/posts\/680\/revisions"}],"predecessor-version":[{"id":684,"href":"https:\/\/www.follow-up.com.br\/pt\/wp-json\/wp\/v2\/posts\/680\/revisions\/684"}],"wp:featuredmedia":[{"embeddable":true,"href":"https:\/\/www.follow-up.com.br\/pt\/wp-json\/wp\/v2\/media\/681"}],"wp:attachment":[{"href":"https:\/\/www.follow-up.com.br\/pt\/wp-json\/wp\/v2\/media?parent=680"}],"wp:term":[{"taxonomy":"category","embeddable":true,"href":"https:\/\/www.follow-up.com.br\/pt\/wp-json\/wp\/v2\/categories?post=680"},{"taxonomy":"post_tag","embeddable":true,"href":"https:\/\/www.follow-up.com.br\/pt\/wp-json\/wp\/v2\/tags?post=680"}],"curies":[{"name":"wp","href":"https:\/\/api.w.org\/{rel}","templated":true}]}}