{"id":692,"date":"2018-03-05T19:41:54","date_gmt":"2018-03-05T22:41:54","guid":{"rendered":"http:\/\/www.follow-up.com.br\/pt\/?p=692"},"modified":"2018-03-07T17:26:58","modified_gmt":"2018-03-07T20:26:58","slug":"9o-congresso-internacional-da-abrates","status":"publish","type":"post","link":"https:\/\/www.follow-up.com.br\/pt\/9o-congresso-internacional-da-abrates\/","title":{"rendered":"9\u00ba Congresso Internacional da Abrates"},"content":{"rendered":"\n<style type=\"text\/css\" data-created_by=\"avia_inline_auto\" id=\"style-css-av-av_image-1306ea5c0fc2427611377ef1cac55263\">\n.avia-image-container.av-av_image-1306ea5c0fc2427611377ef1cac55263 img.avia_image{\nbox-shadow:none;\n}\n.avia-image-container.av-av_image-1306ea5c0fc2427611377ef1cac55263 .av-image-caption-overlay-center{\ncolor:#ffffff;\n}\n<\/style>\n<div  class='avia-image-container av-av_image-1306ea5c0fc2427611377ef1cac55263 av-styling- avia-align-center  avia-builder-el-0  el_before_av_heading  avia-builder-el-first '   itemprop=\"image\" itemscope=\"itemscope\" itemtype=\"https:\/\/schema.org\/ImageObject\" ><div class=\"avia-image-container-inner\"><div class=\"avia-image-overlay-wrap\"><img decoding=\"async\" fetchpriority=\"high\" class='wp-image-693 avia-img-lazy-loading-not-693 avia_image ' src=\"https:\/\/www.follow-up.com.br\/pt\/wp-content\/uploads\/2018\/03\/congresso.jpg\" alt='' title='congresso'  height=\"319\" width=\"565\"  itemprop=\"thumbnailUrl\" srcset=\"https:\/\/www.follow-up.com.br\/pt\/wp-content\/uploads\/2018\/03\/congresso.jpg 565w, https:\/\/www.follow-up.com.br\/pt\/wp-content\/uploads\/2018\/03\/congresso-300x169.jpg 300w, https:\/\/www.follow-up.com.br\/pt\/wp-content\/uploads\/2018\/03\/congresso-450x254.jpg 450w\" sizes=\"(max-width: 565px) 100vw, 565px\" \/><\/div><\/div><\/div>\n\n<style type=\"text\/css\" data-created_by=\"avia_inline_auto\" id=\"style-css-av-av_heading-4034a4dc4e73a9518acfc2ac6be91ede\">\n#top .av-special-heading.av-av_heading-4034a4dc4e73a9518acfc2ac6be91ede{\npadding-bottom:10px;\n}\nbody .av-special-heading.av-av_heading-4034a4dc4e73a9518acfc2ac6be91ede .av-special-heading-tag .heading-char{\nfont-size:25px;\n}\n.av-special-heading.av-av_heading-4034a4dc4e73a9518acfc2ac6be91ede .av-subheading{\nfont-size:15px;\n}\n<\/style>\n<div  class='av-special-heading av-av_heading-4034a4dc4e73a9518acfc2ac6be91ede av-special-heading-h3  avia-builder-el-1  el_after_av_image  el_before_av_textblock '><h3 class='av-special-heading-tag'  itemprop=\"headline\"  ><span class='special_amp'>&#8220;<\/span>Tradu\u00e7\u00e3o e Interpreta\u00e7\u00e3o: inclus\u00e3o de palavra em palavra<span class='special_amp'>\u201d<\/span>: este ano, o IX Congresso Internacional de Tradu\u00e7\u00e3o e Interpreta\u00e7\u00e3o da ABRATES acontecer\u00e1 no Rio Othon Palace, Av. Atl\u00e2ntica, 3.264, Copacabana, Rio de Janeiro.<\/h3><div class=\"special-heading-border\"><div class=\"special-heading-inner-border\"><\/div><\/div><\/div>\n<section  class='av_textblock_section av-av_textblock-0366cc7376be6c9e82a3e9cc8987b64f '   itemscope=\"itemscope\" itemtype=\"https:\/\/schema.org\/BlogPosting\" itemprop=\"blogPost\" ><div class='avia_textblock'  itemprop=\"text\" ><p>O CONGRESSO &#8211; 15 a 17 de junho de 2018<\/p>\n<p><a href=\"https:\/\/abrates.com.br\/9-congresso-internacional-de-traducao-e-interpretacao-da-abrates\/\" target=\"_blank\" rel=\"noopener\">Leia Mais<\/a><\/p>\n<\/div><\/section>\n","protected":false},"excerpt":{"rendered":"","protected":false},"author":1,"featured_media":693,"comment_status":"open","ping_status":"open","sticky":false,"template":"","format":"standard","meta":{"_joinchat":[],"footnotes":""},"categories":[14],"tags":[53,52],"class_list":["post-692","post","type-post","status-publish","format-standard","has-post-thumbnail","hentry","category-novidades","tag-9o-congresso-internacional-da-abrates","tag-traducao-e-interpretacao"],"yoast_head":"<!-- This site is optimized with the Yoast SEO plugin v26.9 - https:\/\/yoast.com\/product\/yoast-seo-wordpress\/ -->\n<title>9\u00ba Congresso Internacional da Abrates - Follow-Up Tradu\u00e7\u00f5es T\u00e9cnicas, Tradu\u00e7\u00e3o Juramentada<\/title>\n<meta name=\"robots\" content=\"index, follow, max-snippet:-1, max-image-preview:large, max-video-preview:-1\" \/>\n<link rel=\"canonical\" href=\"https:\/\/www.follow-up.com.br\/pt\/9o-congresso-internacional-da-abrates\/\" \/>\n<meta property=\"og:locale\" content=\"pt_BR\" \/>\n<meta property=\"og:type\" content=\"article\" \/>\n<meta property=\"og:title\" content=\"9\u00ba Congresso Internacional da Abrates - Follow-Up Tradu\u00e7\u00f5es T\u00e9cnicas, Tradu\u00e7\u00e3o Juramentada\" \/>\n<meta property=\"og:url\" content=\"https:\/\/www.follow-up.com.br\/pt\/9o-congresso-internacional-da-abrates\/\" \/>\n<meta property=\"og:site_name\" content=\"Follow-Up Tradu\u00e7\u00f5es T\u00e9cnicas, Tradu\u00e7\u00e3o Juramentada\" \/>\n<meta property=\"article:published_time\" content=\"2018-03-05T22:41:54+00:00\" \/>\n<meta property=\"article:modified_time\" content=\"2018-03-07T20:26:58+00:00\" \/>\n<meta property=\"og:image\" content=\"https:\/\/www.follow-up.com.br\/pt\/wp-content\/uploads\/2018\/03\/congresso.jpg\" \/>\n\t<meta property=\"og:image:width\" content=\"565\" \/>\n\t<meta property=\"og:image:height\" content=\"319\" \/>\n\t<meta property=\"og:image:type\" content=\"image\/jpeg\" \/>\n<meta name=\"author\" content=\"Follow-up\" \/>\n<meta name=\"twitter:card\" content=\"summary_large_image\" \/>\n<meta name=\"twitter:label1\" content=\"Escrito por\" \/>\n\t<meta name=\"twitter:data1\" content=\"Follow-up\" \/>\n\t<meta name=\"twitter:label2\" content=\"Est. tempo de leitura\" \/>\n\t<meta name=\"twitter:data2\" content=\"1 minuto\" \/>\n<script type=\"application\/ld+json\" class=\"yoast-schema-graph\">{\"@context\":\"https:\/\/schema.org\",\"@graph\":[{\"@type\":\"Article\",\"@id\":\"https:\/\/www.follow-up.com.br\/pt\/9o-congresso-internacional-da-abrates\/#article\",\"isPartOf\":{\"@id\":\"https:\/\/www.follow-up.com.br\/pt\/9o-congresso-internacional-da-abrates\/\"},\"author\":{\"name\":\"Follow-up\",\"@id\":\"https:\/\/www.follow-up.com.br\/pt\/#\/schema\/person\/4a165c318416585f5a80391a0332f4a9\"},\"headline\":\"9\u00ba Congresso Internacional da Abrates\",\"datePublished\":\"2018-03-05T22:41:54+00:00\",\"dateModified\":\"2018-03-07T20:26:58+00:00\",\"mainEntityOfPage\":{\"@id\":\"https:\/\/www.follow-up.com.br\/pt\/9o-congresso-internacional-da-abrates\/\"},\"wordCount\":114,\"commentCount\":0,\"image\":{\"@id\":\"https:\/\/www.follow-up.com.br\/pt\/9o-congresso-internacional-da-abrates\/#primaryimage\"},\"thumbnailUrl\":\"https:\/\/www.follow-up.com.br\/pt\/wp-content\/uploads\/2018\/03\/congresso.jpg\",\"keywords\":[\"9\u00ba Congresso Internacional da Abrates\",\"Tradu\u00e7\u00e3o e Interpreta\u00e7\u00e3o\"],\"articleSection\":[\"Novidades\"],\"inLanguage\":\"pt-BR\"},{\"@type\":\"WebPage\",\"@id\":\"https:\/\/www.follow-up.com.br\/pt\/9o-congresso-internacional-da-abrates\/\",\"url\":\"https:\/\/www.follow-up.com.br\/pt\/9o-congresso-internacional-da-abrates\/\",\"name\":\"9\u00ba Congresso Internacional da Abrates - Follow-Up Tradu\u00e7\u00f5es T\u00e9cnicas, Tradu\u00e7\u00e3o Juramentada\",\"isPartOf\":{\"@id\":\"https:\/\/www.follow-up.com.br\/pt\/#website\"},\"primaryImageOfPage\":{\"@id\":\"https:\/\/www.follow-up.com.br\/pt\/9o-congresso-internacional-da-abrates\/#primaryimage\"},\"image\":{\"@id\":\"https:\/\/www.follow-up.com.br\/pt\/9o-congresso-internacional-da-abrates\/#primaryimage\"},\"thumbnailUrl\":\"https:\/\/www.follow-up.com.br\/pt\/wp-content\/uploads\/2018\/03\/congresso.jpg\",\"datePublished\":\"2018-03-05T22:41:54+00:00\",\"dateModified\":\"2018-03-07T20:26:58+00:00\",\"author\":{\"@id\":\"https:\/\/www.follow-up.com.br\/pt\/#\/schema\/person\/4a165c318416585f5a80391a0332f4a9\"},\"breadcrumb\":{\"@id\":\"https:\/\/www.follow-up.com.br\/pt\/9o-congresso-internacional-da-abrates\/#breadcrumb\"},\"inLanguage\":\"pt-BR\",\"potentialAction\":[{\"@type\":\"ReadAction\",\"target\":[\"https:\/\/www.follow-up.com.br\/pt\/9o-congresso-internacional-da-abrates\/\"]}]},{\"@type\":\"ImageObject\",\"inLanguage\":\"pt-BR\",\"@id\":\"https:\/\/www.follow-up.com.br\/pt\/9o-congresso-internacional-da-abrates\/#primaryimage\",\"url\":\"https:\/\/www.follow-up.com.br\/pt\/wp-content\/uploads\/2018\/03\/congresso.jpg\",\"contentUrl\":\"https:\/\/www.follow-up.com.br\/pt\/wp-content\/uploads\/2018\/03\/congresso.jpg\",\"width\":565,\"height\":319},{\"@type\":\"BreadcrumbList\",\"@id\":\"https:\/\/www.follow-up.com.br\/pt\/9o-congresso-internacional-da-abrates\/#breadcrumb\",\"itemListElement\":[{\"@type\":\"ListItem\",\"position\":1,\"name\":\"In\u00edcio\",\"item\":\"https:\/\/www.follow-up.com.br\/pt\/\"},{\"@type\":\"ListItem\",\"position\":2,\"name\":\"9\u00ba Congresso Internacional da Abrates\"}]},{\"@type\":\"WebSite\",\"@id\":\"https:\/\/www.follow-up.com.br\/pt\/#website\",\"url\":\"https:\/\/www.follow-up.com.br\/pt\/\",\"name\":\"Follow-Up Tradu\u00e7\u00f5es T\u00e9cnicas, Tradu\u00e7\u00e3o Juramentada\",\"description\":\"Tradu\u00e7\u00f5es T\u00e9cnicas em \u00c1reas Especializadas,Tradu\u00e7\u00e3o juramentada Localiza\u00e7\u00e3o de Software e Websites\",\"potentialAction\":[{\"@type\":\"SearchAction\",\"target\":{\"@type\":\"EntryPoint\",\"urlTemplate\":\"https:\/\/www.follow-up.com.br\/pt\/?s={search_term_string}\"},\"query-input\":{\"@type\":\"PropertyValueSpecification\",\"valueRequired\":true,\"valueName\":\"search_term_string\"}}],\"inLanguage\":\"pt-BR\"},{\"@type\":\"Person\",\"@id\":\"https:\/\/www.follow-up.com.br\/pt\/#\/schema\/person\/4a165c318416585f5a80391a0332f4a9\",\"name\":\"Follow-up\",\"url\":\"https:\/\/www.follow-up.com.br\/pt\/author\/lilian\/\"}]}<\/script>\n<!-- \/ Yoast SEO plugin. -->","yoast_head_json":{"title":"9\u00ba Congresso Internacional da Abrates - Follow-Up Tradu\u00e7\u00f5es T\u00e9cnicas, Tradu\u00e7\u00e3o Juramentada","robots":{"index":"index","follow":"follow","max-snippet":"max-snippet:-1","max-image-preview":"max-image-preview:large","max-video-preview":"max-video-preview:-1"},"canonical":"https:\/\/www.follow-up.com.br\/pt\/9o-congresso-internacional-da-abrates\/","og_locale":"pt_BR","og_type":"article","og_title":"9\u00ba Congresso Internacional da Abrates - Follow-Up Tradu\u00e7\u00f5es T\u00e9cnicas, Tradu\u00e7\u00e3o Juramentada","og_url":"https:\/\/www.follow-up.com.br\/pt\/9o-congresso-internacional-da-abrates\/","og_site_name":"Follow-Up Tradu\u00e7\u00f5es T\u00e9cnicas, Tradu\u00e7\u00e3o Juramentada","article_published_time":"2018-03-05T22:41:54+00:00","article_modified_time":"2018-03-07T20:26:58+00:00","og_image":[{"width":565,"height":319,"url":"https:\/\/www.follow-up.com.br\/pt\/wp-content\/uploads\/2018\/03\/congresso.jpg","type":"image\/jpeg"}],"author":"Follow-up","twitter_card":"summary_large_image","twitter_misc":{"Escrito por":"Follow-up","Est. tempo de leitura":"1 minuto"},"schema":{"@context":"https:\/\/schema.org","@graph":[{"@type":"Article","@id":"https:\/\/www.follow-up.com.br\/pt\/9o-congresso-internacional-da-abrates\/#article","isPartOf":{"@id":"https:\/\/www.follow-up.com.br\/pt\/9o-congresso-internacional-da-abrates\/"},"author":{"name":"Follow-up","@id":"https:\/\/www.follow-up.com.br\/pt\/#\/schema\/person\/4a165c318416585f5a80391a0332f4a9"},"headline":"9\u00ba Congresso Internacional da Abrates","datePublished":"2018-03-05T22:41:54+00:00","dateModified":"2018-03-07T20:26:58+00:00","mainEntityOfPage":{"@id":"https:\/\/www.follow-up.com.br\/pt\/9o-congresso-internacional-da-abrates\/"},"wordCount":114,"commentCount":0,"image":{"@id":"https:\/\/www.follow-up.com.br\/pt\/9o-congresso-internacional-da-abrates\/#primaryimage"},"thumbnailUrl":"https:\/\/www.follow-up.com.br\/pt\/wp-content\/uploads\/2018\/03\/congresso.jpg","keywords":["9\u00ba Congresso Internacional da Abrates","Tradu\u00e7\u00e3o e Interpreta\u00e7\u00e3o"],"articleSection":["Novidades"],"inLanguage":"pt-BR"},{"@type":"WebPage","@id":"https:\/\/www.follow-up.com.br\/pt\/9o-congresso-internacional-da-abrates\/","url":"https:\/\/www.follow-up.com.br\/pt\/9o-congresso-internacional-da-abrates\/","name":"9\u00ba Congresso Internacional da Abrates - Follow-Up Tradu\u00e7\u00f5es T\u00e9cnicas, Tradu\u00e7\u00e3o Juramentada","isPartOf":{"@id":"https:\/\/www.follow-up.com.br\/pt\/#website"},"primaryImageOfPage":{"@id":"https:\/\/www.follow-up.com.br\/pt\/9o-congresso-internacional-da-abrates\/#primaryimage"},"image":{"@id":"https:\/\/www.follow-up.com.br\/pt\/9o-congresso-internacional-da-abrates\/#primaryimage"},"thumbnailUrl":"https:\/\/www.follow-up.com.br\/pt\/wp-content\/uploads\/2018\/03\/congresso.jpg","datePublished":"2018-03-05T22:41:54+00:00","dateModified":"2018-03-07T20:26:58+00:00","author":{"@id":"https:\/\/www.follow-up.com.br\/pt\/#\/schema\/person\/4a165c318416585f5a80391a0332f4a9"},"breadcrumb":{"@id":"https:\/\/www.follow-up.com.br\/pt\/9o-congresso-internacional-da-abrates\/#breadcrumb"},"inLanguage":"pt-BR","potentialAction":[{"@type":"ReadAction","target":["https:\/\/www.follow-up.com.br\/pt\/9o-congresso-internacional-da-abrates\/"]}]},{"@type":"ImageObject","inLanguage":"pt-BR","@id":"https:\/\/www.follow-up.com.br\/pt\/9o-congresso-internacional-da-abrates\/#primaryimage","url":"https:\/\/www.follow-up.com.br\/pt\/wp-content\/uploads\/2018\/03\/congresso.jpg","contentUrl":"https:\/\/www.follow-up.com.br\/pt\/wp-content\/uploads\/2018\/03\/congresso.jpg","width":565,"height":319},{"@type":"BreadcrumbList","@id":"https:\/\/www.follow-up.com.br\/pt\/9o-congresso-internacional-da-abrates\/#breadcrumb","itemListElement":[{"@type":"ListItem","position":1,"name":"In\u00edcio","item":"https:\/\/www.follow-up.com.br\/pt\/"},{"@type":"ListItem","position":2,"name":"9\u00ba Congresso Internacional da Abrates"}]},{"@type":"WebSite","@id":"https:\/\/www.follow-up.com.br\/pt\/#website","url":"https:\/\/www.follow-up.com.br\/pt\/","name":"Follow-Up Tradu\u00e7\u00f5es T\u00e9cnicas, Tradu\u00e7\u00e3o Juramentada","description":"Tradu\u00e7\u00f5es T\u00e9cnicas em \u00c1reas Especializadas,Tradu\u00e7\u00e3o juramentada Localiza\u00e7\u00e3o de Software e Websites","potentialAction":[{"@type":"SearchAction","target":{"@type":"EntryPoint","urlTemplate":"https:\/\/www.follow-up.com.br\/pt\/?s={search_term_string}"},"query-input":{"@type":"PropertyValueSpecification","valueRequired":true,"valueName":"search_term_string"}}],"inLanguage":"pt-BR"},{"@type":"Person","@id":"https:\/\/www.follow-up.com.br\/pt\/#\/schema\/person\/4a165c318416585f5a80391a0332f4a9","name":"Follow-up","url":"https:\/\/www.follow-up.com.br\/pt\/author\/lilian\/"}]}},"_links":{"self":[{"href":"https:\/\/www.follow-up.com.br\/pt\/wp-json\/wp\/v2\/posts\/692","targetHints":{"allow":["GET"]}}],"collection":[{"href":"https:\/\/www.follow-up.com.br\/pt\/wp-json\/wp\/v2\/posts"}],"about":[{"href":"https:\/\/www.follow-up.com.br\/pt\/wp-json\/wp\/v2\/types\/post"}],"author":[{"embeddable":true,"href":"https:\/\/www.follow-up.com.br\/pt\/wp-json\/wp\/v2\/users\/1"}],"replies":[{"embeddable":true,"href":"https:\/\/www.follow-up.com.br\/pt\/wp-json\/wp\/v2\/comments?post=692"}],"version-history":[{"count":3,"href":"https:\/\/www.follow-up.com.br\/pt\/wp-json\/wp\/v2\/posts\/692\/revisions"}],"predecessor-version":[{"id":696,"href":"https:\/\/www.follow-up.com.br\/pt\/wp-json\/wp\/v2\/posts\/692\/revisions\/696"}],"wp:featuredmedia":[{"embeddable":true,"href":"https:\/\/www.follow-up.com.br\/pt\/wp-json\/wp\/v2\/media\/693"}],"wp:attachment":[{"href":"https:\/\/www.follow-up.com.br\/pt\/wp-json\/wp\/v2\/media?parent=692"}],"wp:term":[{"taxonomy":"category","embeddable":true,"href":"https:\/\/www.follow-up.com.br\/pt\/wp-json\/wp\/v2\/categories?post=692"},{"taxonomy":"post_tag","embeddable":true,"href":"https:\/\/www.follow-up.com.br\/pt\/wp-json\/wp\/v2\/tags?post=692"}],"curies":[{"name":"wp","href":"https:\/\/api.w.org\/{rel}","templated":true}]}}