{"id":775,"date":"2018-12-21T18:47:28","date_gmt":"2018-12-21T20:47:28","guid":{"rendered":"http:\/\/www.follow-up.com.br\/pt\/?p=775"},"modified":"2020-03-07T00:21:22","modified_gmt":"2020-03-07T03:21:22","slug":"brasil-e-portugal-juntam-se-para-oferecer-aulas-de-portugues-nas-nacoes-unidas","status":"publish","type":"post","link":"https:\/\/www.follow-up.com.br\/pt\/brasil-e-portugal-juntam-se-para-oferecer-aulas-de-portugues-nas-nacoes-unidas\/","title":{"rendered":"Brasil e Portugal juntam-se para oferecer aulas de portugu\u00eas nas Na\u00e7\u00f5es Unidas"},"content":{"rendered":"<p style=\"font-weight: 400;\">\n<p style=\"font-weight: 400;\">Saiba mais em\u00a0<a href=\"https:\/\/news.un.org\/pt\/tags\/escola-internacional-das-nacoes-unidas\" data-saferedirecturl=\"https:\/\/www.google.com\/url?q=https:\/\/news.un.org\/pt\/tags\/escola-internacional-das-nacoes-unidas&amp;source=gmail&amp;ust=1545507992966000&amp;usg=AFQjCNHQNiXpVCIR96YANDm8MPx4hVyN-A\">https:\/\/news.un.org\/pt\/tags\/escola-internacional-das-nacoes-unidas<\/a><\/p>\n","protected":false},"excerpt":{"rendered":"<p>Saiba mais em\u00a0https:\/\/news.un.org\/pt\/tags\/escola-internacional-das-nacoes-unidas<\/p>\n","protected":false},"author":1,"featured_media":774,"comment_status":"closed","ping_status":"closed","sticky":false,"template":"","format":"image","meta":{"_joinchat":[],"footnotes":""},"categories":[14],"tags":[60],"class_list":["post-775","post","type-post","status-publish","format-image","has-post-thumbnail","hentry","category-novidades","tag-brasil-e-portugal-juntam-se-para-oferecer-aulas-de-portugues-nas-nacoes-unidas","post_format-post-format-image"],"yoast_head":"<!-- This site is optimized with the Yoast SEO plugin v26.9 - https:\/\/yoast.com\/product\/yoast-seo-wordpress\/ -->\n<title>Brasil e Portugal juntam-se para oferecer aulas de portugu\u00eas nas Na\u00e7\u00f5es Unidas - Follow-Up Tradu\u00e7\u00f5es T\u00e9cnicas, Tradu\u00e7\u00e3o Juramentada<\/title>\n<meta name=\"robots\" content=\"index, follow, max-snippet:-1, max-image-preview:large, max-video-preview:-1\" \/>\n<link rel=\"canonical\" href=\"https:\/\/www.follow-up.com.br\/pt\/brasil-e-portugal-juntam-se-para-oferecer-aulas-de-portugues-nas-nacoes-unidas\/\" \/>\n<meta property=\"og:locale\" content=\"pt_BR\" \/>\n<meta property=\"og:type\" content=\"article\" \/>\n<meta property=\"og:title\" content=\"Brasil e Portugal juntam-se para oferecer aulas de portugu\u00eas nas Na\u00e7\u00f5es Unidas - Follow-Up Tradu\u00e7\u00f5es T\u00e9cnicas, Tradu\u00e7\u00e3o Juramentada\" \/>\n<meta property=\"og:description\" content=\"Saiba mais em\u00a0https:\/\/news.un.org\/pt\/tags\/escola-internacional-das-nacoes-unidas\" \/>\n<meta property=\"og:url\" content=\"https:\/\/www.follow-up.com.br\/pt\/brasil-e-portugal-juntam-se-para-oferecer-aulas-de-portugues-nas-nacoes-unidas\/\" \/>\n<meta property=\"og:site_name\" content=\"Follow-Up Tradu\u00e7\u00f5es T\u00e9cnicas, Tradu\u00e7\u00e3o Juramentada\" \/>\n<meta property=\"article:published_time\" content=\"2018-12-21T20:47:28+00:00\" \/>\n<meta property=\"article:modified_time\" content=\"2020-03-07T03:21:22+00:00\" \/>\n<meta property=\"og:image\" content=\"https:\/\/www.follow-up.com.br\/pt\/wp-content\/uploads\/2018\/12\/BRASILPORTUGAL.png\" \/>\n\t<meta property=\"og:image:width\" content=\"849\" \/>\n\t<meta property=\"og:image:height\" content=\"720\" \/>\n\t<meta property=\"og:image:type\" content=\"image\/png\" \/>\n<meta name=\"author\" content=\"Follow-up\" \/>\n<meta name=\"twitter:card\" content=\"summary_large_image\" \/>\n<meta name=\"twitter:label1\" content=\"Escrito por\" \/>\n\t<meta name=\"twitter:data1\" content=\"Follow-up\" \/>\n<script type=\"application\/ld+json\" class=\"yoast-schema-graph\">{\"@context\":\"https:\/\/schema.org\",\"@graph\":[{\"@type\":\"Article\",\"@id\":\"https:\/\/www.follow-up.com.br\/pt\/brasil-e-portugal-juntam-se-para-oferecer-aulas-de-portugues-nas-nacoes-unidas\/#article\",\"isPartOf\":{\"@id\":\"https:\/\/www.follow-up.com.br\/pt\/brasil-e-portugal-juntam-se-para-oferecer-aulas-de-portugues-nas-nacoes-unidas\/\"},\"author\":{\"name\":\"Follow-up\",\"@id\":\"https:\/\/www.follow-up.com.br\/pt\/#\/schema\/person\/4a165c318416585f5a80391a0332f4a9\"},\"headline\":\"Brasil e Portugal juntam-se para oferecer aulas de portugu\u00eas nas Na\u00e7\u00f5es Unidas\",\"datePublished\":\"2018-12-21T20:47:28+00:00\",\"dateModified\":\"2020-03-07T03:21:22+00:00\",\"mainEntityOfPage\":{\"@id\":\"https:\/\/www.follow-up.com.br\/pt\/brasil-e-portugal-juntam-se-para-oferecer-aulas-de-portugues-nas-nacoes-unidas\/\"},\"wordCount\":24,\"image\":{\"@id\":\"https:\/\/www.follow-up.com.br\/pt\/brasil-e-portugal-juntam-se-para-oferecer-aulas-de-portugues-nas-nacoes-unidas\/#primaryimage\"},\"thumbnailUrl\":\"https:\/\/www.follow-up.com.br\/pt\/wp-content\/uploads\/2018\/12\/BRASILPORTUGAL.png\",\"keywords\":[\"Brasil e Portugal juntam-se para oferecer aulas de portugu\u00eas nas Na\u00e7\u00f5es Unidas\"],\"articleSection\":[\"Novidades\"],\"inLanguage\":\"pt-BR\"},{\"@type\":\"WebPage\",\"@id\":\"https:\/\/www.follow-up.com.br\/pt\/brasil-e-portugal-juntam-se-para-oferecer-aulas-de-portugues-nas-nacoes-unidas\/\",\"url\":\"https:\/\/www.follow-up.com.br\/pt\/brasil-e-portugal-juntam-se-para-oferecer-aulas-de-portugues-nas-nacoes-unidas\/\",\"name\":\"Brasil e Portugal juntam-se para oferecer aulas de portugu\u00eas nas Na\u00e7\u00f5es Unidas - Follow-Up Tradu\u00e7\u00f5es T\u00e9cnicas, Tradu\u00e7\u00e3o Juramentada\",\"isPartOf\":{\"@id\":\"https:\/\/www.follow-up.com.br\/pt\/#website\"},\"primaryImageOfPage\":{\"@id\":\"https:\/\/www.follow-up.com.br\/pt\/brasil-e-portugal-juntam-se-para-oferecer-aulas-de-portugues-nas-nacoes-unidas\/#primaryimage\"},\"image\":{\"@id\":\"https:\/\/www.follow-up.com.br\/pt\/brasil-e-portugal-juntam-se-para-oferecer-aulas-de-portugues-nas-nacoes-unidas\/#primaryimage\"},\"thumbnailUrl\":\"https:\/\/www.follow-up.com.br\/pt\/wp-content\/uploads\/2018\/12\/BRASILPORTUGAL.png\",\"datePublished\":\"2018-12-21T20:47:28+00:00\",\"dateModified\":\"2020-03-07T03:21:22+00:00\",\"author\":{\"@id\":\"https:\/\/www.follow-up.com.br\/pt\/#\/schema\/person\/4a165c318416585f5a80391a0332f4a9\"},\"breadcrumb\":{\"@id\":\"https:\/\/www.follow-up.com.br\/pt\/brasil-e-portugal-juntam-se-para-oferecer-aulas-de-portugues-nas-nacoes-unidas\/#breadcrumb\"},\"inLanguage\":\"pt-BR\",\"potentialAction\":[{\"@type\":\"ReadAction\",\"target\":[\"https:\/\/www.follow-up.com.br\/pt\/brasil-e-portugal-juntam-se-para-oferecer-aulas-de-portugues-nas-nacoes-unidas\/\"]}]},{\"@type\":\"ImageObject\",\"inLanguage\":\"pt-BR\",\"@id\":\"https:\/\/www.follow-up.com.br\/pt\/brasil-e-portugal-juntam-se-para-oferecer-aulas-de-portugues-nas-nacoes-unidas\/#primaryimage\",\"url\":\"https:\/\/www.follow-up.com.br\/pt\/wp-content\/uploads\/2018\/12\/BRASILPORTUGAL.png\",\"contentUrl\":\"https:\/\/www.follow-up.com.br\/pt\/wp-content\/uploads\/2018\/12\/BRASILPORTUGAL.png\",\"width\":849,\"height\":720},{\"@type\":\"BreadcrumbList\",\"@id\":\"https:\/\/www.follow-up.com.br\/pt\/brasil-e-portugal-juntam-se-para-oferecer-aulas-de-portugues-nas-nacoes-unidas\/#breadcrumb\",\"itemListElement\":[{\"@type\":\"ListItem\",\"position\":1,\"name\":\"In\u00edcio\",\"item\":\"https:\/\/www.follow-up.com.br\/pt\/\"},{\"@type\":\"ListItem\",\"position\":2,\"name\":\"Brasil e Portugal juntam-se para oferecer aulas de portugu\u00eas nas Na\u00e7\u00f5es Unidas\"}]},{\"@type\":\"WebSite\",\"@id\":\"https:\/\/www.follow-up.com.br\/pt\/#website\",\"url\":\"https:\/\/www.follow-up.com.br\/pt\/\",\"name\":\"Follow-Up Tradu\u00e7\u00f5es T\u00e9cnicas, Tradu\u00e7\u00e3o Juramentada\",\"description\":\"Tradu\u00e7\u00f5es T\u00e9cnicas em \u00c1reas Especializadas,Tradu\u00e7\u00e3o juramentada Localiza\u00e7\u00e3o de Software e Websites\",\"potentialAction\":[{\"@type\":\"SearchAction\",\"target\":{\"@type\":\"EntryPoint\",\"urlTemplate\":\"https:\/\/www.follow-up.com.br\/pt\/?s={search_term_string}\"},\"query-input\":{\"@type\":\"PropertyValueSpecification\",\"valueRequired\":true,\"valueName\":\"search_term_string\"}}],\"inLanguage\":\"pt-BR\"},{\"@type\":\"Person\",\"@id\":\"https:\/\/www.follow-up.com.br\/pt\/#\/schema\/person\/4a165c318416585f5a80391a0332f4a9\",\"name\":\"Follow-up\",\"url\":\"https:\/\/www.follow-up.com.br\/pt\/author\/lilian\/\"}]}<\/script>\n<!-- \/ Yoast SEO plugin. -->","yoast_head_json":{"title":"Brasil e Portugal juntam-se para oferecer aulas de portugu\u00eas nas Na\u00e7\u00f5es Unidas - Follow-Up Tradu\u00e7\u00f5es T\u00e9cnicas, Tradu\u00e7\u00e3o Juramentada","robots":{"index":"index","follow":"follow","max-snippet":"max-snippet:-1","max-image-preview":"max-image-preview:large","max-video-preview":"max-video-preview:-1"},"canonical":"https:\/\/www.follow-up.com.br\/pt\/brasil-e-portugal-juntam-se-para-oferecer-aulas-de-portugues-nas-nacoes-unidas\/","og_locale":"pt_BR","og_type":"article","og_title":"Brasil e Portugal juntam-se para oferecer aulas de portugu\u00eas nas Na\u00e7\u00f5es Unidas - Follow-Up Tradu\u00e7\u00f5es T\u00e9cnicas, Tradu\u00e7\u00e3o Juramentada","og_description":"Saiba mais em\u00a0https:\/\/news.un.org\/pt\/tags\/escola-internacional-das-nacoes-unidas","og_url":"https:\/\/www.follow-up.com.br\/pt\/brasil-e-portugal-juntam-se-para-oferecer-aulas-de-portugues-nas-nacoes-unidas\/","og_site_name":"Follow-Up Tradu\u00e7\u00f5es T\u00e9cnicas, Tradu\u00e7\u00e3o Juramentada","article_published_time":"2018-12-21T20:47:28+00:00","article_modified_time":"2020-03-07T03:21:22+00:00","og_image":[{"width":849,"height":720,"url":"https:\/\/www.follow-up.com.br\/pt\/wp-content\/uploads\/2018\/12\/BRASILPORTUGAL.png","type":"image\/png"}],"author":"Follow-up","twitter_card":"summary_large_image","twitter_misc":{"Escrito por":"Follow-up"},"schema":{"@context":"https:\/\/schema.org","@graph":[{"@type":"Article","@id":"https:\/\/www.follow-up.com.br\/pt\/brasil-e-portugal-juntam-se-para-oferecer-aulas-de-portugues-nas-nacoes-unidas\/#article","isPartOf":{"@id":"https:\/\/www.follow-up.com.br\/pt\/brasil-e-portugal-juntam-se-para-oferecer-aulas-de-portugues-nas-nacoes-unidas\/"},"author":{"name":"Follow-up","@id":"https:\/\/www.follow-up.com.br\/pt\/#\/schema\/person\/4a165c318416585f5a80391a0332f4a9"},"headline":"Brasil e Portugal juntam-se para oferecer aulas de portugu\u00eas nas Na\u00e7\u00f5es Unidas","datePublished":"2018-12-21T20:47:28+00:00","dateModified":"2020-03-07T03:21:22+00:00","mainEntityOfPage":{"@id":"https:\/\/www.follow-up.com.br\/pt\/brasil-e-portugal-juntam-se-para-oferecer-aulas-de-portugues-nas-nacoes-unidas\/"},"wordCount":24,"image":{"@id":"https:\/\/www.follow-up.com.br\/pt\/brasil-e-portugal-juntam-se-para-oferecer-aulas-de-portugues-nas-nacoes-unidas\/#primaryimage"},"thumbnailUrl":"https:\/\/www.follow-up.com.br\/pt\/wp-content\/uploads\/2018\/12\/BRASILPORTUGAL.png","keywords":["Brasil e Portugal juntam-se para oferecer aulas de portugu\u00eas nas Na\u00e7\u00f5es Unidas"],"articleSection":["Novidades"],"inLanguage":"pt-BR"},{"@type":"WebPage","@id":"https:\/\/www.follow-up.com.br\/pt\/brasil-e-portugal-juntam-se-para-oferecer-aulas-de-portugues-nas-nacoes-unidas\/","url":"https:\/\/www.follow-up.com.br\/pt\/brasil-e-portugal-juntam-se-para-oferecer-aulas-de-portugues-nas-nacoes-unidas\/","name":"Brasil e Portugal juntam-se para oferecer aulas de portugu\u00eas nas Na\u00e7\u00f5es Unidas - Follow-Up Tradu\u00e7\u00f5es T\u00e9cnicas, Tradu\u00e7\u00e3o Juramentada","isPartOf":{"@id":"https:\/\/www.follow-up.com.br\/pt\/#website"},"primaryImageOfPage":{"@id":"https:\/\/www.follow-up.com.br\/pt\/brasil-e-portugal-juntam-se-para-oferecer-aulas-de-portugues-nas-nacoes-unidas\/#primaryimage"},"image":{"@id":"https:\/\/www.follow-up.com.br\/pt\/brasil-e-portugal-juntam-se-para-oferecer-aulas-de-portugues-nas-nacoes-unidas\/#primaryimage"},"thumbnailUrl":"https:\/\/www.follow-up.com.br\/pt\/wp-content\/uploads\/2018\/12\/BRASILPORTUGAL.png","datePublished":"2018-12-21T20:47:28+00:00","dateModified":"2020-03-07T03:21:22+00:00","author":{"@id":"https:\/\/www.follow-up.com.br\/pt\/#\/schema\/person\/4a165c318416585f5a80391a0332f4a9"},"breadcrumb":{"@id":"https:\/\/www.follow-up.com.br\/pt\/brasil-e-portugal-juntam-se-para-oferecer-aulas-de-portugues-nas-nacoes-unidas\/#breadcrumb"},"inLanguage":"pt-BR","potentialAction":[{"@type":"ReadAction","target":["https:\/\/www.follow-up.com.br\/pt\/brasil-e-portugal-juntam-se-para-oferecer-aulas-de-portugues-nas-nacoes-unidas\/"]}]},{"@type":"ImageObject","inLanguage":"pt-BR","@id":"https:\/\/www.follow-up.com.br\/pt\/brasil-e-portugal-juntam-se-para-oferecer-aulas-de-portugues-nas-nacoes-unidas\/#primaryimage","url":"https:\/\/www.follow-up.com.br\/pt\/wp-content\/uploads\/2018\/12\/BRASILPORTUGAL.png","contentUrl":"https:\/\/www.follow-up.com.br\/pt\/wp-content\/uploads\/2018\/12\/BRASILPORTUGAL.png","width":849,"height":720},{"@type":"BreadcrumbList","@id":"https:\/\/www.follow-up.com.br\/pt\/brasil-e-portugal-juntam-se-para-oferecer-aulas-de-portugues-nas-nacoes-unidas\/#breadcrumb","itemListElement":[{"@type":"ListItem","position":1,"name":"In\u00edcio","item":"https:\/\/www.follow-up.com.br\/pt\/"},{"@type":"ListItem","position":2,"name":"Brasil e Portugal juntam-se para oferecer aulas de portugu\u00eas nas Na\u00e7\u00f5es Unidas"}]},{"@type":"WebSite","@id":"https:\/\/www.follow-up.com.br\/pt\/#website","url":"https:\/\/www.follow-up.com.br\/pt\/","name":"Follow-Up Tradu\u00e7\u00f5es T\u00e9cnicas, Tradu\u00e7\u00e3o Juramentada","description":"Tradu\u00e7\u00f5es T\u00e9cnicas em \u00c1reas Especializadas,Tradu\u00e7\u00e3o juramentada Localiza\u00e7\u00e3o de Software e Websites","potentialAction":[{"@type":"SearchAction","target":{"@type":"EntryPoint","urlTemplate":"https:\/\/www.follow-up.com.br\/pt\/?s={search_term_string}"},"query-input":{"@type":"PropertyValueSpecification","valueRequired":true,"valueName":"search_term_string"}}],"inLanguage":"pt-BR"},{"@type":"Person","@id":"https:\/\/www.follow-up.com.br\/pt\/#\/schema\/person\/4a165c318416585f5a80391a0332f4a9","name":"Follow-up","url":"https:\/\/www.follow-up.com.br\/pt\/author\/lilian\/"}]}},"_links":{"self":[{"href":"https:\/\/www.follow-up.com.br\/pt\/wp-json\/wp\/v2\/posts\/775","targetHints":{"allow":["GET"]}}],"collection":[{"href":"https:\/\/www.follow-up.com.br\/pt\/wp-json\/wp\/v2\/posts"}],"about":[{"href":"https:\/\/www.follow-up.com.br\/pt\/wp-json\/wp\/v2\/types\/post"}],"author":[{"embeddable":true,"href":"https:\/\/www.follow-up.com.br\/pt\/wp-json\/wp\/v2\/users\/1"}],"replies":[{"embeddable":true,"href":"https:\/\/www.follow-up.com.br\/pt\/wp-json\/wp\/v2\/comments?post=775"}],"version-history":[{"count":2,"href":"https:\/\/www.follow-up.com.br\/pt\/wp-json\/wp\/v2\/posts\/775\/revisions"}],"predecessor-version":[{"id":777,"href":"https:\/\/www.follow-up.com.br\/pt\/wp-json\/wp\/v2\/posts\/775\/revisions\/777"}],"wp:featuredmedia":[{"embeddable":true,"href":"https:\/\/www.follow-up.com.br\/pt\/wp-json\/wp\/v2\/media\/774"}],"wp:attachment":[{"href":"https:\/\/www.follow-up.com.br\/pt\/wp-json\/wp\/v2\/media?parent=775"}],"wp:term":[{"taxonomy":"category","embeddable":true,"href":"https:\/\/www.follow-up.com.br\/pt\/wp-json\/wp\/v2\/categories?post=775"},{"taxonomy":"post_tag","embeddable":true,"href":"https:\/\/www.follow-up.com.br\/pt\/wp-json\/wp\/v2\/tags?post=775"}],"curies":[{"name":"wp","href":"https:\/\/api.w.org\/{rel}","templated":true}]}}