{"id":833,"date":"2019-09-24T18:40:07","date_gmt":"2019-09-24T21:40:07","guid":{"rendered":"https:\/\/www.follow-up.com.br\/pt\/?p=833"},"modified":"2020-03-07T00:20:14","modified_gmt":"2020-03-07T03:20:14","slug":"follow-up-estara-presente-na-conferencia-meet-central-europe-2019","status":"publish","type":"post","link":"https:\/\/www.follow-up.com.br\/pt\/follow-up-estara-presente-na-conferencia-meet-central-europe-2019\/","title":{"rendered":"Follow-Up estar\u00e1 presente na Confer\u00eancia Meet Central Europe 2019"},"content":{"rendered":"\n<p>A Follow-Up estar\u00e1 presente na Confer\u00eancia&nbsp;<strong>Meet Central Europe 2019<\/strong>, que acontecer\u00e1 nos dias 10 e 11 de outubro na charmosa cidade de Praga, Rep\u00fablica Tcheca. Ser\u00e1 uma excelente oportunidade para encontrar clientes atuais e futuros, al\u00e9m de colegas do mercado de tradu\u00e7\u00e3o!<\/p>\n\n\n\n<p style=\"text-align:left\">Saiba mais em&nbsp;<a href=\"https:\/\/meetcentraleurope.com\/\" target=\"_blank\" rel=\"noreferrer noopener\">https:\/\/meetcentraleurope.com\/<\/a><\/p>\n","protected":false},"excerpt":{"rendered":"<p>A Follow-Up estar\u00e1 presente na Confer\u00eancia&nbsp;Meet Central Europe 2019, que acontecer\u00e1 nos dias 10 e 11 de outubro na charmosa cidade de Praga, Rep\u00fablica Tcheca. Ser\u00e1 uma excelente oportunidade para encontrar clientes atuais e futuros, al\u00e9m de colegas do mercado de tradu\u00e7\u00e3o! Saiba mais em&nbsp;https:\/\/meetcentraleurope.com\/<\/p>\n","protected":false},"author":1,"featured_media":832,"comment_status":"closed","ping_status":"closed","sticky":false,"template":"","format":"image","meta":{"_joinchat":[],"footnotes":""},"categories":[14],"tags":[],"class_list":["post-833","post","type-post","status-publish","format-image","has-post-thumbnail","hentry","category-novidades","post_format-post-format-image"],"yoast_head":"<!-- This site is optimized with the Yoast SEO plugin v26.9 - https:\/\/yoast.com\/product\/yoast-seo-wordpress\/ -->\n<title>Follow-Up estar\u00e1 presente na Confer\u00eancia Meet Central Europe 2019 - Follow-Up Tradu\u00e7\u00f5es T\u00e9cnicas, Tradu\u00e7\u00e3o Juramentada<\/title>\n<meta name=\"robots\" content=\"index, follow, max-snippet:-1, max-image-preview:large, max-video-preview:-1\" \/>\n<link rel=\"canonical\" href=\"https:\/\/www.follow-up.com.br\/pt\/follow-up-estara-presente-na-conferencia-meet-central-europe-2019\/\" \/>\n<meta property=\"og:locale\" content=\"pt_BR\" \/>\n<meta property=\"og:type\" content=\"article\" \/>\n<meta property=\"og:title\" content=\"Follow-Up estar\u00e1 presente na Confer\u00eancia Meet Central Europe 2019 - Follow-Up Tradu\u00e7\u00f5es T\u00e9cnicas, Tradu\u00e7\u00e3o Juramentada\" \/>\n<meta property=\"og:description\" content=\"A Follow-Up estar\u00e1 presente na Confer\u00eancia&nbsp;Meet Central Europe 2019, que acontecer\u00e1 nos dias 10 e 11 de outubro na charmosa cidade de Praga, Rep\u00fablica Tcheca. Ser\u00e1 uma excelente oportunidade para encontrar clientes atuais e futuros, al\u00e9m de colegas do mercado de tradu\u00e7\u00e3o! Saiba mais em&nbsp;https:\/\/meetcentraleurope.com\/\" \/>\n<meta property=\"og:url\" content=\"https:\/\/www.follow-up.com.br\/pt\/follow-up-estara-presente-na-conferencia-meet-central-europe-2019\/\" \/>\n<meta property=\"og:site_name\" content=\"Follow-Up Tradu\u00e7\u00f5es T\u00e9cnicas, Tradu\u00e7\u00e3o Juramentada\" \/>\n<meta property=\"article:published_time\" content=\"2019-09-24T21:40:07+00:00\" \/>\n<meta property=\"article:modified_time\" content=\"2020-03-07T03:20:14+00:00\" \/>\n<meta property=\"og:image\" content=\"https:\/\/www.follow-up.com.br\/pt\/wp-content\/uploads\/2019\/09\/meeteurope.jpg\" \/>\n\t<meta property=\"og:image:width\" content=\"775\" \/>\n\t<meta property=\"og:image:height\" content=\"411\" \/>\n\t<meta property=\"og:image:type\" content=\"image\/jpeg\" \/>\n<meta name=\"author\" content=\"Follow-up\" \/>\n<meta name=\"twitter:card\" content=\"summary_large_image\" \/>\n<meta name=\"twitter:label1\" content=\"Escrito por\" \/>\n\t<meta name=\"twitter:data1\" content=\"Follow-up\" \/>\n<script type=\"application\/ld+json\" class=\"yoast-schema-graph\">{\"@context\":\"https:\/\/schema.org\",\"@graph\":[{\"@type\":\"Article\",\"@id\":\"https:\/\/www.follow-up.com.br\/pt\/follow-up-estara-presente-na-conferencia-meet-central-europe-2019\/#article\",\"isPartOf\":{\"@id\":\"https:\/\/www.follow-up.com.br\/pt\/follow-up-estara-presente-na-conferencia-meet-central-europe-2019\/\"},\"author\":{\"name\":\"Follow-up\",\"@id\":\"https:\/\/www.follow-up.com.br\/pt\/#\/schema\/person\/4a165c318416585f5a80391a0332f4a9\"},\"headline\":\"Follow-Up estar\u00e1 presente na Confer\u00eancia Meet Central Europe 2019\",\"datePublished\":\"2019-09-24T21:40:07+00:00\",\"dateModified\":\"2020-03-07T03:20:14+00:00\",\"mainEntityOfPage\":{\"@id\":\"https:\/\/www.follow-up.com.br\/pt\/follow-up-estara-presente-na-conferencia-meet-central-europe-2019\/\"},\"wordCount\":61,\"image\":{\"@id\":\"https:\/\/www.follow-up.com.br\/pt\/follow-up-estara-presente-na-conferencia-meet-central-europe-2019\/#primaryimage\"},\"thumbnailUrl\":\"https:\/\/www.follow-up.com.br\/pt\/wp-content\/uploads\/2019\/09\/meeteurope.jpg\",\"articleSection\":[\"Novidades\"],\"inLanguage\":\"pt-BR\"},{\"@type\":\"WebPage\",\"@id\":\"https:\/\/www.follow-up.com.br\/pt\/follow-up-estara-presente-na-conferencia-meet-central-europe-2019\/\",\"url\":\"https:\/\/www.follow-up.com.br\/pt\/follow-up-estara-presente-na-conferencia-meet-central-europe-2019\/\",\"name\":\"Follow-Up estar\u00e1 presente na Confer\u00eancia Meet Central Europe 2019 - Follow-Up Tradu\u00e7\u00f5es T\u00e9cnicas, Tradu\u00e7\u00e3o Juramentada\",\"isPartOf\":{\"@id\":\"https:\/\/www.follow-up.com.br\/pt\/#website\"},\"primaryImageOfPage\":{\"@id\":\"https:\/\/www.follow-up.com.br\/pt\/follow-up-estara-presente-na-conferencia-meet-central-europe-2019\/#primaryimage\"},\"image\":{\"@id\":\"https:\/\/www.follow-up.com.br\/pt\/follow-up-estara-presente-na-conferencia-meet-central-europe-2019\/#primaryimage\"},\"thumbnailUrl\":\"https:\/\/www.follow-up.com.br\/pt\/wp-content\/uploads\/2019\/09\/meeteurope.jpg\",\"datePublished\":\"2019-09-24T21:40:07+00:00\",\"dateModified\":\"2020-03-07T03:20:14+00:00\",\"author\":{\"@id\":\"https:\/\/www.follow-up.com.br\/pt\/#\/schema\/person\/4a165c318416585f5a80391a0332f4a9\"},\"breadcrumb\":{\"@id\":\"https:\/\/www.follow-up.com.br\/pt\/follow-up-estara-presente-na-conferencia-meet-central-europe-2019\/#breadcrumb\"},\"inLanguage\":\"pt-BR\",\"potentialAction\":[{\"@type\":\"ReadAction\",\"target\":[\"https:\/\/www.follow-up.com.br\/pt\/follow-up-estara-presente-na-conferencia-meet-central-europe-2019\/\"]}]},{\"@type\":\"ImageObject\",\"inLanguage\":\"pt-BR\",\"@id\":\"https:\/\/www.follow-up.com.br\/pt\/follow-up-estara-presente-na-conferencia-meet-central-europe-2019\/#primaryimage\",\"url\":\"https:\/\/www.follow-up.com.br\/pt\/wp-content\/uploads\/2019\/09\/meeteurope.jpg\",\"contentUrl\":\"https:\/\/www.follow-up.com.br\/pt\/wp-content\/uploads\/2019\/09\/meeteurope.jpg\",\"width\":775,\"height\":411},{\"@type\":\"BreadcrumbList\",\"@id\":\"https:\/\/www.follow-up.com.br\/pt\/follow-up-estara-presente-na-conferencia-meet-central-europe-2019\/#breadcrumb\",\"itemListElement\":[{\"@type\":\"ListItem\",\"position\":1,\"name\":\"In\u00edcio\",\"item\":\"https:\/\/www.follow-up.com.br\/pt\/\"},{\"@type\":\"ListItem\",\"position\":2,\"name\":\"Follow-Up estar\u00e1 presente na Confer\u00eancia Meet Central Europe 2019\"}]},{\"@type\":\"WebSite\",\"@id\":\"https:\/\/www.follow-up.com.br\/pt\/#website\",\"url\":\"https:\/\/www.follow-up.com.br\/pt\/\",\"name\":\"Follow-Up Tradu\u00e7\u00f5es T\u00e9cnicas, Tradu\u00e7\u00e3o Juramentada\",\"description\":\"Tradu\u00e7\u00f5es T\u00e9cnicas em \u00c1reas Especializadas,Tradu\u00e7\u00e3o juramentada Localiza\u00e7\u00e3o de Software e Websites\",\"potentialAction\":[{\"@type\":\"SearchAction\",\"target\":{\"@type\":\"EntryPoint\",\"urlTemplate\":\"https:\/\/www.follow-up.com.br\/pt\/?s={search_term_string}\"},\"query-input\":{\"@type\":\"PropertyValueSpecification\",\"valueRequired\":true,\"valueName\":\"search_term_string\"}}],\"inLanguage\":\"pt-BR\"},{\"@type\":\"Person\",\"@id\":\"https:\/\/www.follow-up.com.br\/pt\/#\/schema\/person\/4a165c318416585f5a80391a0332f4a9\",\"name\":\"Follow-up\",\"url\":\"https:\/\/www.follow-up.com.br\/pt\/author\/lilian\/\"}]}<\/script>\n<!-- \/ Yoast SEO plugin. -->","yoast_head_json":{"title":"Follow-Up estar\u00e1 presente na Confer\u00eancia Meet Central Europe 2019 - Follow-Up Tradu\u00e7\u00f5es T\u00e9cnicas, Tradu\u00e7\u00e3o Juramentada","robots":{"index":"index","follow":"follow","max-snippet":"max-snippet:-1","max-image-preview":"max-image-preview:large","max-video-preview":"max-video-preview:-1"},"canonical":"https:\/\/www.follow-up.com.br\/pt\/follow-up-estara-presente-na-conferencia-meet-central-europe-2019\/","og_locale":"pt_BR","og_type":"article","og_title":"Follow-Up estar\u00e1 presente na Confer\u00eancia Meet Central Europe 2019 - Follow-Up Tradu\u00e7\u00f5es T\u00e9cnicas, Tradu\u00e7\u00e3o Juramentada","og_description":"A Follow-Up estar\u00e1 presente na Confer\u00eancia&nbsp;Meet Central Europe 2019, que acontecer\u00e1 nos dias 10 e 11 de outubro na charmosa cidade de Praga, Rep\u00fablica Tcheca. Ser\u00e1 uma excelente oportunidade para encontrar clientes atuais e futuros, al\u00e9m de colegas do mercado de tradu\u00e7\u00e3o! Saiba mais em&nbsp;https:\/\/meetcentraleurope.com\/","og_url":"https:\/\/www.follow-up.com.br\/pt\/follow-up-estara-presente-na-conferencia-meet-central-europe-2019\/","og_site_name":"Follow-Up Tradu\u00e7\u00f5es T\u00e9cnicas, Tradu\u00e7\u00e3o Juramentada","article_published_time":"2019-09-24T21:40:07+00:00","article_modified_time":"2020-03-07T03:20:14+00:00","og_image":[{"width":775,"height":411,"url":"https:\/\/www.follow-up.com.br\/pt\/wp-content\/uploads\/2019\/09\/meeteurope.jpg","type":"image\/jpeg"}],"author":"Follow-up","twitter_card":"summary_large_image","twitter_misc":{"Escrito por":"Follow-up"},"schema":{"@context":"https:\/\/schema.org","@graph":[{"@type":"Article","@id":"https:\/\/www.follow-up.com.br\/pt\/follow-up-estara-presente-na-conferencia-meet-central-europe-2019\/#article","isPartOf":{"@id":"https:\/\/www.follow-up.com.br\/pt\/follow-up-estara-presente-na-conferencia-meet-central-europe-2019\/"},"author":{"name":"Follow-up","@id":"https:\/\/www.follow-up.com.br\/pt\/#\/schema\/person\/4a165c318416585f5a80391a0332f4a9"},"headline":"Follow-Up estar\u00e1 presente na Confer\u00eancia Meet Central Europe 2019","datePublished":"2019-09-24T21:40:07+00:00","dateModified":"2020-03-07T03:20:14+00:00","mainEntityOfPage":{"@id":"https:\/\/www.follow-up.com.br\/pt\/follow-up-estara-presente-na-conferencia-meet-central-europe-2019\/"},"wordCount":61,"image":{"@id":"https:\/\/www.follow-up.com.br\/pt\/follow-up-estara-presente-na-conferencia-meet-central-europe-2019\/#primaryimage"},"thumbnailUrl":"https:\/\/www.follow-up.com.br\/pt\/wp-content\/uploads\/2019\/09\/meeteurope.jpg","articleSection":["Novidades"],"inLanguage":"pt-BR"},{"@type":"WebPage","@id":"https:\/\/www.follow-up.com.br\/pt\/follow-up-estara-presente-na-conferencia-meet-central-europe-2019\/","url":"https:\/\/www.follow-up.com.br\/pt\/follow-up-estara-presente-na-conferencia-meet-central-europe-2019\/","name":"Follow-Up estar\u00e1 presente na Confer\u00eancia Meet Central Europe 2019 - Follow-Up Tradu\u00e7\u00f5es T\u00e9cnicas, Tradu\u00e7\u00e3o Juramentada","isPartOf":{"@id":"https:\/\/www.follow-up.com.br\/pt\/#website"},"primaryImageOfPage":{"@id":"https:\/\/www.follow-up.com.br\/pt\/follow-up-estara-presente-na-conferencia-meet-central-europe-2019\/#primaryimage"},"image":{"@id":"https:\/\/www.follow-up.com.br\/pt\/follow-up-estara-presente-na-conferencia-meet-central-europe-2019\/#primaryimage"},"thumbnailUrl":"https:\/\/www.follow-up.com.br\/pt\/wp-content\/uploads\/2019\/09\/meeteurope.jpg","datePublished":"2019-09-24T21:40:07+00:00","dateModified":"2020-03-07T03:20:14+00:00","author":{"@id":"https:\/\/www.follow-up.com.br\/pt\/#\/schema\/person\/4a165c318416585f5a80391a0332f4a9"},"breadcrumb":{"@id":"https:\/\/www.follow-up.com.br\/pt\/follow-up-estara-presente-na-conferencia-meet-central-europe-2019\/#breadcrumb"},"inLanguage":"pt-BR","potentialAction":[{"@type":"ReadAction","target":["https:\/\/www.follow-up.com.br\/pt\/follow-up-estara-presente-na-conferencia-meet-central-europe-2019\/"]}]},{"@type":"ImageObject","inLanguage":"pt-BR","@id":"https:\/\/www.follow-up.com.br\/pt\/follow-up-estara-presente-na-conferencia-meet-central-europe-2019\/#primaryimage","url":"https:\/\/www.follow-up.com.br\/pt\/wp-content\/uploads\/2019\/09\/meeteurope.jpg","contentUrl":"https:\/\/www.follow-up.com.br\/pt\/wp-content\/uploads\/2019\/09\/meeteurope.jpg","width":775,"height":411},{"@type":"BreadcrumbList","@id":"https:\/\/www.follow-up.com.br\/pt\/follow-up-estara-presente-na-conferencia-meet-central-europe-2019\/#breadcrumb","itemListElement":[{"@type":"ListItem","position":1,"name":"In\u00edcio","item":"https:\/\/www.follow-up.com.br\/pt\/"},{"@type":"ListItem","position":2,"name":"Follow-Up estar\u00e1 presente na Confer\u00eancia Meet Central Europe 2019"}]},{"@type":"WebSite","@id":"https:\/\/www.follow-up.com.br\/pt\/#website","url":"https:\/\/www.follow-up.com.br\/pt\/","name":"Follow-Up Tradu\u00e7\u00f5es T\u00e9cnicas, Tradu\u00e7\u00e3o Juramentada","description":"Tradu\u00e7\u00f5es T\u00e9cnicas em \u00c1reas Especializadas,Tradu\u00e7\u00e3o juramentada Localiza\u00e7\u00e3o de Software e Websites","potentialAction":[{"@type":"SearchAction","target":{"@type":"EntryPoint","urlTemplate":"https:\/\/www.follow-up.com.br\/pt\/?s={search_term_string}"},"query-input":{"@type":"PropertyValueSpecification","valueRequired":true,"valueName":"search_term_string"}}],"inLanguage":"pt-BR"},{"@type":"Person","@id":"https:\/\/www.follow-up.com.br\/pt\/#\/schema\/person\/4a165c318416585f5a80391a0332f4a9","name":"Follow-up","url":"https:\/\/www.follow-up.com.br\/pt\/author\/lilian\/"}]}},"_links":{"self":[{"href":"https:\/\/www.follow-up.com.br\/pt\/wp-json\/wp\/v2\/posts\/833","targetHints":{"allow":["GET"]}}],"collection":[{"href":"https:\/\/www.follow-up.com.br\/pt\/wp-json\/wp\/v2\/posts"}],"about":[{"href":"https:\/\/www.follow-up.com.br\/pt\/wp-json\/wp\/v2\/types\/post"}],"author":[{"embeddable":true,"href":"https:\/\/www.follow-up.com.br\/pt\/wp-json\/wp\/v2\/users\/1"}],"replies":[{"embeddable":true,"href":"https:\/\/www.follow-up.com.br\/pt\/wp-json\/wp\/v2\/comments?post=833"}],"version-history":[{"count":2,"href":"https:\/\/www.follow-up.com.br\/pt\/wp-json\/wp\/v2\/posts\/833\/revisions"}],"predecessor-version":[{"id":835,"href":"https:\/\/www.follow-up.com.br\/pt\/wp-json\/wp\/v2\/posts\/833\/revisions\/835"}],"wp:featuredmedia":[{"embeddable":true,"href":"https:\/\/www.follow-up.com.br\/pt\/wp-json\/wp\/v2\/media\/832"}],"wp:attachment":[{"href":"https:\/\/www.follow-up.com.br\/pt\/wp-json\/wp\/v2\/media?parent=833"}],"wp:term":[{"taxonomy":"category","embeddable":true,"href":"https:\/\/www.follow-up.com.br\/pt\/wp-json\/wp\/v2\/categories?post=833"},{"taxonomy":"post_tag","embeddable":true,"href":"https:\/\/www.follow-up.com.br\/pt\/wp-json\/wp\/v2\/tags?post=833"}],"curies":[{"name":"wp","href":"https:\/\/api.w.org\/{rel}","templated":true}]}}